{"id":10333,"date":"2026-03-05T17:06:13","date_gmt":"2026-03-05T15:06:13","guid":{"rendered":"https:\/\/m24press.com\/la-fgme-lance-les-candidatures-pour-sa-presidence-2026-2029-le-11-mars\/"},"modified":"2026-03-05T17:06:13","modified_gmt":"2026-03-05T15:06:13","slug":"la-fgme-lance-les-candidatures-pour-sa-presidence-2026-2029-le-11-mars","status":"publish","type":"post","link":"https:\/\/m24press.com\/fr\/la-fgme-lance-les-candidatures-pour-sa-presidence-2026-2029-le-11-mars\/","title":{"rendered":"La FGME lance les candidatures pour sa pr\u00e9sidence 2026-2029 le 11 mars."},"content":{"rendered":"\n<p>La F\u00e9d\u00e9ration g\u00e9n\u00e9rale des entreprises du Maroc (FGME) a tenu son conseil d&rsquo;administration jeudi \u00e0 Casablanca sous la pr\u00e9sidence de Chekib Allaj, et a annonc\u00e9 que l&rsquo;ouverture des candidatures \u00e0 la pr\u00e9sidence de la f\u00e9d\u00e9ration pour la p\u00e9riode 2026-2029 sera lanc\u00e9e le 11 mars 2026. <\/p>\n\n\n\n<p>La r\u00e9union a \u00e9t\u00e9 consacr\u00e9e \u00e0 la pr\u00e9sentation du projet de rapport d&rsquo;activit\u00e9 pour l&rsquo;ann\u00e9e 2025, \u00e0 la discussion des \u00e9tats financiers propos\u00e9s pour la m\u00eame ann\u00e9e, \u00e0 l&rsquo;approbation de la date et de l&rsquo;ordre du jour de la prochaine assembl\u00e9e g\u00e9n\u00e9rale ordinaire, \u00e0 l&rsquo;adoption du calendrier du droit \u00e9lectoral et \u00e0 la nomination des membres du comit\u00e9 de suivi et de contr\u00f4le du processus \u00e9lectoral.      <\/p>\n\n\n\n<p>Dans son discours d&rsquo;ouverture, Chakib Elalaj a abord\u00e9 un certain nombre de questions \u00e9conomiques qui, selon lui, ont \u00e9t\u00e9 r\u00e9solues ou ont fait l&rsquo;objet de progr\u00e8s tangibles, notamment la loi sur les gr\u00e8ves, l&rsquo;activation de la disposition relative aux PME dans la charte d&rsquo;investissement, le projet de loi de finances pour 2026, le r\u00e9gime de change, le soutien aux PME en termes de financement, ainsi que les efforts li\u00e9s \u00e0 la revitalisation de la Bourse de Casablanca (Casablanca Stock Exchange).       <\/p>\n\n\n\n<p>Il a \u00e9galement pr\u00e9sent\u00e9 les r\u00e9formes structurelles \u00e0 venir, notamment la r\u00e9vision du code du travail, la r\u00e9forme de la formation professionnelle et la r\u00e9forme du syst\u00e8me de retraite, qui devraient avoir un impact direct sur le march\u00e9 du travail et la comp\u00e9titivit\u00e9 des entreprises.    <\/p>\n\n\n\n<p>Au cours de la r\u00e9union, le Conseil d&rsquo;administration a approuv\u00e9 le rapport d&rsquo;activit\u00e9 et les comptes de l&rsquo;ann\u00e9e 2025, ainsi que le calendrier des prochaines \u00e9lections \u00e0 la pr\u00e9sidence de la F\u00e9d\u00e9ration. La date du 11 mars 2026 a \u00e9t\u00e9 adopt\u00e9e \u00e0 l&rsquo;unanimit\u00e9 pour lancer l&rsquo;appel \u00e0 candidatures pour le mandat 2026-2029.   <\/p>\n\n\n\n<p>Selon les statuts et r\u00e8glements de la FIFA, une r\u00e9union de validation sera organis\u00e9e pour finaliser la liste d\u00e9finitive des candidats qui sera soumise au vote de l&rsquo;assembl\u00e9e g\u00e9n\u00e9rale le 14 mai 2026. <\/p>\n","protected":false},"excerpt":{"rendered":"<p>La F\u00e9d\u00e9ration g\u00e9n\u00e9rale des entreprises du Maroc (FGME) a tenu son conseil d&rsquo;administration jeudi \u00e0 Casablanca sous la pr\u00e9sidence de Chekib Allaj, et a annonc\u00e9 que l&rsquo;ouverture des candidatures \u00e0 la pr\u00e9sidence de la f\u00e9d\u00e9ration pour la p\u00e9riode 2026-2029 sera lanc\u00e9e le 11 mars 2026. La r\u00e9union a \u00e9t\u00e9 consacr\u00e9e \u00e0 la pr\u00e9sentation du projet &hellip;<\/p>\n","protected":false},"author":2,"featured_media":10331,"comment_status":"open","ping_status":"open","sticky":false,"template":"","format":"standard","meta":{"footnotes":""},"categories":[50],"tags":[],"class_list":["post-10333","post","type-post","status-publish","format-standard","has-post-thumbnail","hentry","category-actualites-politiques"],"_links":{"self":[{"href":"https:\/\/m24press.com\/fr\/wp-json\/wp\/v2\/posts\/10333","targetHints":{"allow":["GET"]}}],"collection":[{"href":"https:\/\/m24press.com\/fr\/wp-json\/wp\/v2\/posts"}],"about":[{"href":"https:\/\/m24press.com\/fr\/wp-json\/wp\/v2\/types\/post"}],"author":[{"embeddable":true,"href":"https:\/\/m24press.com\/fr\/wp-json\/wp\/v2\/users\/2"}],"replies":[{"embeddable":true,"href":"https:\/\/m24press.com\/fr\/wp-json\/wp\/v2\/comments?post=10333"}],"version-history":[{"count":0,"href":"https:\/\/m24press.com\/fr\/wp-json\/wp\/v2\/posts\/10333\/revisions"}],"wp:featuredmedia":[{"embeddable":true,"href":"https:\/\/m24press.com\/fr\/wp-json\/wp\/v2\/media\/10331"}],"wp:attachment":[{"href":"https:\/\/m24press.com\/fr\/wp-json\/wp\/v2\/media?parent=10333"}],"wp:term":[{"taxonomy":"category","embeddable":true,"href":"https:\/\/m24press.com\/fr\/wp-json\/wp\/v2\/categories?post=10333"},{"taxonomy":"post_tag","embeddable":true,"href":"https:\/\/m24press.com\/fr\/wp-json\/wp\/v2\/tags?post=10333"}],"curies":[{"name":"wp","href":"https:\/\/api.w.org\/{rel}","templated":true}]}}