{"id":10461,"date":"2026-03-11T16:39:52","date_gmt":"2026-03-11T14:39:52","guid":{"rendered":"https:\/\/m24press.com\/lequipe-marocaine-de-karate-participe-a-la-ligue-mondiale-a-rome\/"},"modified":"2026-03-11T16:39:52","modified_gmt":"2026-03-11T14:39:52","slug":"lequipe-marocaine-de-karate-participe-a-la-ligue-mondiale-a-rome","status":"publish","type":"post","link":"https:\/\/m24press.com\/fr\/lequipe-marocaine-de-karate-participe-a-la-ligue-mondiale-a-rome\/","title":{"rendered":"L&rsquo;\u00e9quipe marocaine de karat\u00e9 participe \u00e0 la Ligue mondiale \u00e0 Rome"},"content":{"rendered":"\n<p>L&rsquo;\u00e9quipe nationale marocaine de karat\u00e9 se pr\u00e9pare \u00e0 participer \u00e0 la ligue internationale \u00ab\u00a0Rome 2026\u00a0\u00bb, dans une nouvelle station de la premi\u00e8re ligue du classement mondial de la FIDE. <\/p>\n\n\n\n<p>L&rsquo;\u00e9quipe nationale marocaine participera \u00e0 l&rsquo;\u00e9v\u00e9nement sportif qui se d\u00e9roulera \u00e0 Rome du 13 au 15 mars.<\/p>\n\n\n\n<p>Dans un communiqu\u00e9 officiel, l&rsquo;Universit\u00e9 Royale Marocaine de Kabaddi et des Techniques Conjointes a expliqu\u00e9 que ce tournoi est la deuxi\u00e8me \u00e9tape de la s\u00e9rie des grandes comp\u00e9titions internationales incluses dans la Ligue Mondiale \u00ab\u00a0First League\u00a0\u00bb, qui est utilis\u00e9e par la F\u00e9d\u00e9ration Internationale dans le classement mondial des joueurs.   <\/p>\n\n\n\n<p>La participation de l&rsquo;\u00e9quipe nationale s&rsquo;inscrit dans le cadre du programme pr\u00e9paratoire qui vise \u00e0 renforcer la pr\u00e9sence du karat\u00e9 marocain sur la sc\u00e8ne internationale et \u00e0 donner aux champions marocains l&rsquo;occasion de se frotter aux meilleurs pratiquants au niveau international. <\/p>\n\n\n\n<p>La d\u00e9l\u00e9gation de l&rsquo;\u00e9quipe nationale dans la cat\u00e9gorie adulte est compos\u00e9e d&rsquo;Aya Nasiri dans la comp\u00e9tition \u00ab\u00a0Kata\u00a0\u00bb, ainsi que de Nisreen Brock chez les moins de 68 kg, Mehdi Sereti chez les moins de 84 kg, Said Obaya chez les moins de 67 kg, et Hamza Sam chez les moins de 75 kg dans la comp\u00e9tition \u00ab\u00a0Tabari\u00a0\u00bb.    <\/p>\n\n\n\n<p>L&rsquo;Universit\u00e9 Royale Marocaine de Karting a soulign\u00e9 ses efforts continus pour soutenir les champions marocains et leur permettre de repr\u00e9senter le Maroc dans les meilleures conditions lors des diff\u00e9rentes comp\u00e9titions internationales. <\/p>\n","protected":false},"excerpt":{"rendered":"<p>L&rsquo;\u00e9quipe nationale marocaine de karat\u00e9 se pr\u00e9pare \u00e0 participer \u00e0 la ligue internationale \u00ab\u00a0Rome 2026\u00a0\u00bb, dans une nouvelle station de la premi\u00e8re ligue du classement mondial de la FIDE. L&rsquo;\u00e9quipe nationale marocaine participera \u00e0 l&rsquo;\u00e9v\u00e9nement sportif qui se d\u00e9roulera \u00e0 Rome du 13 au 15 mars. Dans un communiqu\u00e9 officiel, l&rsquo;Universit\u00e9 Royale Marocaine de Kabaddi &hellip;<\/p>\n","protected":false},"author":2,"featured_media":10459,"comment_status":"open","ping_status":"open","sticky":false,"template":"","format":"standard","meta":{"footnotes":""},"categories":[48],"tags":[],"class_list":["post-10461","post","type-post","status-publish","format-standard","has-post-thumbnail","hentry","category-actualites-sportives"],"_links":{"self":[{"href":"https:\/\/m24press.com\/fr\/wp-json\/wp\/v2\/posts\/10461","targetHints":{"allow":["GET"]}}],"collection":[{"href":"https:\/\/m24press.com\/fr\/wp-json\/wp\/v2\/posts"}],"about":[{"href":"https:\/\/m24press.com\/fr\/wp-json\/wp\/v2\/types\/post"}],"author":[{"embeddable":true,"href":"https:\/\/m24press.com\/fr\/wp-json\/wp\/v2\/users\/2"}],"replies":[{"embeddable":true,"href":"https:\/\/m24press.com\/fr\/wp-json\/wp\/v2\/comments?post=10461"}],"version-history":[{"count":0,"href":"https:\/\/m24press.com\/fr\/wp-json\/wp\/v2\/posts\/10461\/revisions"}],"wp:featuredmedia":[{"embeddable":true,"href":"https:\/\/m24press.com\/fr\/wp-json\/wp\/v2\/media\/10459"}],"wp:attachment":[{"href":"https:\/\/m24press.com\/fr\/wp-json\/wp\/v2\/media?parent=10461"}],"wp:term":[{"taxonomy":"category","embeddable":true,"href":"https:\/\/m24press.com\/fr\/wp-json\/wp\/v2\/categories?post=10461"},{"taxonomy":"post_tag","embeddable":true,"href":"https:\/\/m24press.com\/fr\/wp-json\/wp\/v2\/tags?post=10461"}],"curies":[{"name":"wp","href":"https:\/\/api.w.org\/{rel}","templated":true}]}}