{"id":10519,"date":"2026-03-13T12:58:02","date_gmt":"2026-03-13T10:58:02","guid":{"rendered":"https:\/\/m24press.com\/greve-nationale-des-notaires-du-18-mars-au-5-avril-pour-protester-contre-le-projet-de-loi-16-22\/"},"modified":"2026-03-13T12:58:02","modified_gmt":"2026-03-13T10:58:02","slug":"greve-nationale-des-notaires-du-18-mars-au-5-avril-pour-protester-contre-le-projet-de-loi-16-22","status":"publish","type":"post","link":"https:\/\/m24press.com\/fr\/greve-nationale-des-notaires-du-18-mars-au-5-avril-pour-protester-contre-le-projet-de-loi-16-22\/","title":{"rendered":"Gr\u00e8ve nationale des notaires du 18 mars au 5 avril pour protester contre le projet de loi 16.22"},"content":{"rendered":"\n<p>Le Conseil national de l&rsquo;Association des notaires a annonc\u00e9 une gr\u00e8ve nationale du 18 mars au 5 avril 2026, pour protester contre l&rsquo;adoption du projet de loi n\u00b0 16.22 sur la r\u00e9glementation de la profession notariale, estimant qu&rsquo;il a \u00e9t\u00e9 adopt\u00e9 sans tenir compte des observations et propositions pr\u00e9sent\u00e9es par l&rsquo;Association.  <\/p>\n\n\n\n<p>Dans une d\u00e9claration officielle, le bureau ex\u00e9cutif de l&rsquo;autorit\u00e9 a expliqu\u00e9 que cette d\u00e9marche s&rsquo;inscrit dans le cadre de l&rsquo;escalade de son programme de protestation, en raison de ce qu&rsquo;il d\u00e9crit comme l&rsquo;absence de r\u00e9ponse du gouvernement \u00e0 ses demandes malgr\u00e9 les multiples communications envoy\u00e9es \u00e0 cet \u00e9gard.   <\/p>\n\n\n\n<p>Le communiqu\u00e9 rappelle que les notaires avaient d\u00e9j\u00e0 organis\u00e9 deux mouvements de protestation au cours de la p\u00e9riode \u00e9coul\u00e9e, le premier les 18 et 19 f\u00e9vrier, et le second entre le 2 et le 10 mars 2026, dans le cadre de leur rejet du contenu du projet de loi dans sa forme actuelle.   <\/p>\n\n\n\n<p>L&rsquo;Autorit\u00e9 a r\u00e9it\u00e9r\u00e9 son rejet du texte juridique tel qu&rsquo;il est pr\u00e9sent\u00e9 actuellement, demandant le gel de sa mise en \u0153uvre et l&rsquo;ouverture d&rsquo;un dialogue s\u00e9rieux avec le gouvernement pour discuter de ses observations et propositions relatives \u00e0 la r\u00e9glementation de la profession. <\/p>\n\n\n\n<p>Elle a \u00e9galement annonc\u00e9 l&rsquo;organisation d&rsquo;une manifestation le 2 avril devant le parlement marocain pour exprimer son rejet du projet de loi et exiger sa r\u00e9vision.<\/p>\n","protected":false},"excerpt":{"rendered":"<p>Le Conseil national de l&rsquo;Association des notaires a annonc\u00e9 une gr\u00e8ve nationale du 18 mars au 5 avril 2026, pour protester contre l&rsquo;adoption du projet de loi n\u00b0 16.22 sur la r\u00e9glementation de la profession notariale, estimant qu&rsquo;il a \u00e9t\u00e9 adopt\u00e9 sans tenir compte des observations et propositions pr\u00e9sent\u00e9es par l&rsquo;Association. Dans une d\u00e9claration officielle, &hellip;<\/p>\n","protected":false},"author":2,"featured_media":10517,"comment_status":"open","ping_status":"open","sticky":false,"template":"","format":"standard","meta":{"footnotes":""},"categories":[45],"tags":[],"class_list":["post-10519","post","type-post","status-publish","format-standard","has-post-thumbnail","hentry","category-societe"],"_links":{"self":[{"href":"https:\/\/m24press.com\/fr\/wp-json\/wp\/v2\/posts\/10519","targetHints":{"allow":["GET"]}}],"collection":[{"href":"https:\/\/m24press.com\/fr\/wp-json\/wp\/v2\/posts"}],"about":[{"href":"https:\/\/m24press.com\/fr\/wp-json\/wp\/v2\/types\/post"}],"author":[{"embeddable":true,"href":"https:\/\/m24press.com\/fr\/wp-json\/wp\/v2\/users\/2"}],"replies":[{"embeddable":true,"href":"https:\/\/m24press.com\/fr\/wp-json\/wp\/v2\/comments?post=10519"}],"version-history":[{"count":0,"href":"https:\/\/m24press.com\/fr\/wp-json\/wp\/v2\/posts\/10519\/revisions"}],"wp:featuredmedia":[{"embeddable":true,"href":"https:\/\/m24press.com\/fr\/wp-json\/wp\/v2\/media\/10517"}],"wp:attachment":[{"href":"https:\/\/m24press.com\/fr\/wp-json\/wp\/v2\/media?parent=10519"}],"wp:term":[{"taxonomy":"category","embeddable":true,"href":"https:\/\/m24press.com\/fr\/wp-json\/wp\/v2\/categories?post=10519"},{"taxonomy":"post_tag","embeddable":true,"href":"https:\/\/m24press.com\/fr\/wp-json\/wp\/v2\/tags?post=10519"}],"curies":[{"name":"wp","href":"https:\/\/api.w.org\/{rel}","templated":true}]}}