{"id":10909,"date":"2026-03-29T05:41:00","date_gmt":"2026-03-29T02:41:00","guid":{"rendered":"https:\/\/m24press.com\/royal-air-maroc-lance-une-liaison-directe-entre-bruxelles-et-tetouan\/"},"modified":"2026-03-29T05:41:00","modified_gmt":"2026-03-29T02:41:00","slug":"royal-air-maroc-lance-une-liaison-directe-entre-bruxelles-et-tetouan","status":"publish","type":"post","link":"https:\/\/m24press.com\/fr\/royal-air-maroc-lance-une-liaison-directe-entre-bruxelles-et-tetouan\/","title":{"rendered":"Royal Air Maroc lance une liaison directe entre Bruxelles et T\u00e9touan"},"content":{"rendered":"\n<p>Royal Air Maroc a inaugur\u00e9 vendredi sa nouvelle liaison a\u00e9rienne directe entre Bruxelles et T\u00e9touan, renfor\u00e7ant ainsi la connectivit\u00e9 a\u00e9rienne entre le Maroc et la Belgique et la pr\u00e9sence de la compagnie nationale sur le march\u00e9 europ\u00e9en.   <\/p>\n\n\n\n<p>Le vol inaugural a quitt\u00e9 l&rsquo;a\u00e9roport de Bruxelles Zaventem \u00e0 12h15 \u00e0 destination de l&rsquo;a\u00e9roport de T\u00e9touan Sanya El Remel, et assurera deux vols par semaine, tous les lundis et vendredis. Le lancement de cette ligne s&rsquo;inscrit dans le cadre de l&rsquo;am\u00e9lioration de la connectivit\u00e9 a\u00e9rienne vers le nord du Royaume et du soutien de son attractivit\u00e9 touristique et \u00e9conomique.  <\/p>\n\n\n\n<p>A cette occasion, une r\u00e9ception a \u00e9t\u00e9 organis\u00e9e dans la salle d&#8217;embarquement de l&rsquo;a\u00e9roport de Bruxelles, en pr\u00e9sence d&rsquo;un certain nombre de passagers de la communaut\u00e9 marocaine r\u00e9sidant en Belgique, ainsi que de citoyens belges ayant l&rsquo;intention de se rendre dans le nord du Maroc. Des repr\u00e9sentants de Royal Air Maroc en Belgique, l&rsquo;ambassadeur du Maroc en Belgique et au Grand-Duch\u00e9 de Luxembourg, Mohamed Amer, ainsi que des responsables de Brussels Airport, la plus grande plateforme a\u00e9roportuaire du pays, \u00e9taient \u00e9galement pr\u00e9sents.       <\/p>\n\n\n\n<p>Mohamed Amer a qualifi\u00e9 l&rsquo;ouverture de cette nouvelle ligne a\u00e9rienne d&rsquo;excellente nouvelle, notant que ce vol repr\u00e9sente plus qu&rsquo;une simple ligne a\u00e9rienne, car il incarne la proximit\u00e9 des deux pays et renforce les liens humanitaires entre les peuples marocain et belge. Cette ligne contribuera sans aucun doute \u00e0 faciliter le mouvement des Marocains r\u00e9sidant en Belgique vers leur pays, d&rsquo;autant plus qu&rsquo;un grand nombre d&rsquo;entre eux sont originaires du nord du Royaume, a-t-il dit.    <\/p>\n\n\n\n<p>L&rsquo;ambassadeur marocain a \u00e9galement not\u00e9 que ce vol direct encouragera \u00e9galement le tourisme dans le nord du Maroc, \u00e9tant donn\u00e9 le potentiel historique et culturel de la r\u00e9gion, en plus de son r\u00f4le dans le soutien des \u00e9changes \u00e9conomiques et de la coop\u00e9ration culturelle entre les deux royaumes.  <\/p>\n\n\n\n<p>La nouvelle ligne entre Bruxelles et T\u00e9touan renforce le r\u00e9seau de Royal Air Maroc dans la r\u00e9gion et compl\u00e8te les lignes d\u00e9j\u00e0 existantes au d\u00e9part de la capitale belge vers Casablanca, Rabat, Marrakech, Nador et Tanger, a d\u00e9clar\u00e9 Mohamed Essam Mosaddek, directeur r\u00e9gional de Royal Air Maroc pour le Benelux. Avec ce lancement, la compagnie a\u00e9rienne poursuit son engagement \u00e0 rapprocher le Maroc de l&rsquo;Europe en offrant une meilleure connectivit\u00e9 a\u00e9rienne qui r\u00e9pond aux attentes des Marocains vivant dans la r\u00e9gion, ainsi que des touristes du Benelux souhaitant d\u00e9couvrir T\u00e9touan et les villes voisines, a-t-il ajout\u00e9.     <\/p>\n\n\n\n<p>La nouvelle route stimulera \u00e9galement l&rsquo;activit\u00e9 touristique en permettant aux voyagistes belges de commercialiser des forfaits int\u00e9gr\u00e9s de Bruxelles \u00e0 T\u00e9touan et au nord du Maroc. <\/p>\n\n\n\n<p>Pour pr\u00e9parer le lancement de ces vols, Royal Air Maroc a lanc\u00e9 une campagne promotionnelle d&rsquo;un mois, qui comprenait des publicit\u00e9s cibl\u00e9es dans les stations de m\u00e9tro proches des quartiers o\u00f9 vit une importante communaut\u00e9 marocaine, des panneaux d&rsquo;affichage sur les tramways de Bruxelles, ainsi que des spots radio.    <\/p>\n","protected":false},"excerpt":{"rendered":"<p>Royal Air Maroc a inaugur\u00e9 vendredi sa nouvelle liaison a\u00e9rienne directe entre Bruxelles et T\u00e9touan, renfor\u00e7ant ainsi la connectivit\u00e9 a\u00e9rienne entre le Maroc et la Belgique et la pr\u00e9sence de la compagnie nationale sur le march\u00e9 europ\u00e9en. Le vol inaugural a quitt\u00e9 l&rsquo;a\u00e9roport de Bruxelles Zaventem \u00e0 12h15 \u00e0 destination de l&rsquo;a\u00e9roport de T\u00e9touan Sanya &hellip;<\/p>\n","protected":false},"author":2,"featured_media":10903,"comment_status":"open","ping_status":"open","sticky":false,"template":"","format":"standard","meta":{"footnotes":""},"categories":[49],"tags":[],"class_list":["post-10909","post","type-post","status-publish","format-standard","has-post-thumbnail","hentry","category-economie-et-affaires"],"_links":{"self":[{"href":"https:\/\/m24press.com\/fr\/wp-json\/wp\/v2\/posts\/10909","targetHints":{"allow":["GET"]}}],"collection":[{"href":"https:\/\/m24press.com\/fr\/wp-json\/wp\/v2\/posts"}],"about":[{"href":"https:\/\/m24press.com\/fr\/wp-json\/wp\/v2\/types\/post"}],"author":[{"embeddable":true,"href":"https:\/\/m24press.com\/fr\/wp-json\/wp\/v2\/users\/2"}],"replies":[{"embeddable":true,"href":"https:\/\/m24press.com\/fr\/wp-json\/wp\/v2\/comments?post=10909"}],"version-history":[{"count":0,"href":"https:\/\/m24press.com\/fr\/wp-json\/wp\/v2\/posts\/10909\/revisions"}],"wp:featuredmedia":[{"embeddable":true,"href":"https:\/\/m24press.com\/fr\/wp-json\/wp\/v2\/media\/10903"}],"wp:attachment":[{"href":"https:\/\/m24press.com\/fr\/wp-json\/wp\/v2\/media?parent=10909"}],"wp:term":[{"taxonomy":"category","embeddable":true,"href":"https:\/\/m24press.com\/fr\/wp-json\/wp\/v2\/categories?post=10909"},{"taxonomy":"post_tag","embeddable":true,"href":"https:\/\/m24press.com\/fr\/wp-json\/wp\/v2\/tags?post=10909"}],"curies":[{"name":"wp","href":"https:\/\/api.w.org\/{rel}","templated":true}]}}