{"id":10920,"date":"2026-03-30T10:23:43","date_gmt":"2026-03-30T07:23:43","guid":{"rendered":"https:\/\/m24press.com\/le-retour-a-gmt1-suscite-une-indignation-sans-precedent-au-maroc-cette-annee\/"},"modified":"2026-03-30T10:23:43","modified_gmt":"2026-03-30T07:23:43","slug":"le-retour-a-gmt1-suscite-une-indignation-sans-precedent-au-maroc-cette-annee","status":"publish","type":"post","link":"https:\/\/m24press.com\/fr\/le-retour-a-gmt1-suscite-une-indignation-sans-precedent-au-maroc-cette-annee\/","title":{"rendered":"Le retour \u00e0 GMT+1 suscite une indignation sans pr\u00e9c\u00e9dent au Maroc cette ann\u00e9e"},"content":{"rendered":"\n<p>Imm\u00e9diatement apr\u00e8s la fin du Ramadan, le Maroc est revenu \u00e0 l&rsquo;heure GMT+1 apr\u00e8s une p\u00e9riode temporaire de GMT. Bien que cette transition soit devenue un \u00e9v\u00e9nement annuel, cette fois-ci les r\u00e9actions ont \u00e9t\u00e9 plus intenses et plus r\u00e9pandues, \u00e0 tel point que le sujet est pass\u00e9 d&rsquo;une g\u00eane saisonni\u00e8re \u00e0 un vaste d\u00e9bat de soci\u00e9t\u00e9 sur l&rsquo;impact de l&rsquo;horloge l\u00e9gale sur la vie quotidienne des Marocains.     <\/p>\n\n\n\n<p>En quelques jours, la vague de critiques s&rsquo;est amplifi\u00e9e de fa\u00e7on spectaculaire, que ce soit sur les m\u00e9dias sociaux, dans les discussions quotidiennes ou m\u00eame par le biais d&rsquo;une p\u00e9tition en ligne comptant plus de 200 000 signataires et appelant \u00e0 un retour permanent \u00e0 l&rsquo;heure GMT. Cette col\u00e8re croissante a r\u00e9v\u00e9l\u00e9 un sentiment grandissant que l&rsquo;heure adopt\u00e9e n&rsquo;est pas conforme au rythme naturel des citoyens, surtout apr\u00e8s un mois entier au cours duquel beaucoup ont v\u00e9cu dans un rythme qu&rsquo;ils consid\u00e9raient comme plus proche de leur confort biologique et social.      <\/p>\n\n\n\n<h2 class=\"wp-block-heading\"><strong>Retour brutal \u00e0 un rythme \u00e9puisant<\/strong><\/h2>\n\n\n\n<p>Si le passage \u00e0 l&rsquo;heure GMT+1 a fait l&rsquo;objet de critiques chaque ann\u00e9e, celles-ci ont pris cette fois un caract\u00e8re collectif plus prononc\u00e9. De nombreux citoyens ont d\u00e9crit le changement comme soudain et stressant, surtout apr\u00e8s la p\u00e9riode du ramadan, qui leur a permis de s&rsquo;adapter \u00e0 un rythme quotidien plus \u00e9quilibr\u00e9.   <\/p>\n\n\n\n<p>Les t\u00e9moignages du terrain font \u00e9cho \u00e0 un m\u00eame th\u00e8me : un sentiment de perturbation qu&rsquo;il est difficile de surmonter rapidement. Plusieurs parents confirment que pendant le Ramadan, leurs enfants dormaient mieux et se r\u00e9veillaient plus facilement, avant de souffrir \u00e0 nouveau \u00e0 la reprise du GMT+1, que ce soit en termes de difficult\u00e9s \u00e0 s&rsquo;endormir, \u00e0 se r\u00e9veiller ou de fatigue permanente.    <\/p>\n\n\n\n<p>Ce m\u00e9contentement est aussi clairement visible sur les m\u00e9dias sociaux, o\u00f9 se multiplient les messages de rejet de cette heure, les hashtags appelant \u00e0 son annulation, ainsi qu&rsquo;une large circulation de contenus \u00e9voquant la fatigue, le manque de sommeil et les difficult\u00e9s d&rsquo;adaptation, en particulier pour les enfants. Des m\u00e9decins, des personnalit\u00e9s publiques et des m\u00e9dias se sont joints \u00e0 ce mouvement, mettant en garde contre les implications de ce fuseau horaire sur le sommeil, l&rsquo;\u00e9quilibre familial et la concentration pendant les \u00e9tudes et le travail.       <\/p>\n\n\n\n<h2 class=\"wp-block-heading\"><strong>Du malaise individuel \u00e0 la protestation de masse<\/strong><\/h2>\n\n\n\n<p>Le sociologue Hamid Wajdi estime que ce qui se passe cette ann\u00e9e est indissociable d&rsquo;une \u00e9volution plus large des attentes de la soci\u00e9t\u00e9, expliquant que cette question refl\u00e8te l&rsquo;\u00e9cart croissant entre le temps social impos\u00e9 par les d\u00e9cisions administratives et le temps biologique que les individus vivent au quotidien. Selon lui, cette divergence s&rsquo;accentue apr\u00e8s le Ramadan, car les citoyens connaissent un rythme temporel pendant lequel ils se sentent plus en phase avec leur vie quotidienne.    <\/p>\n\n\n\n<p>C&rsquo;est cette contradiction qui rend le retour \u00e0 GMT+1 plus difficile que d&rsquo;habitude, car les citoyens le vivent non seulement comme une mesure organisationnelle, mais aussi comme une rupture de l&rsquo;\u00e9quilibre qu&rsquo;ils avaient trouv\u00e9 au cours des semaines pr\u00e9c\u00e9dentes. Ceci est particuli\u00e8rement \u00e9vident au sein des familles, o\u00f9 les parents se retrouvent coinc\u00e9s entre la pression des engagements scolaires et professionnels et la tentative d&rsquo;imposer des horaires de sommeil en accord avec l&rsquo;horloge biologique de leurs enfants, accumulant ainsi fatigue et frustration au sein du foyer.     <\/p>\n\n\n\n<p>Il ajoute que la nouveaut\u00e9 de cette ann\u00e9e est que ce rejet n&rsquo;est plus une question d&rsquo;attitudes isol\u00e9es ou de malaises, mais qu&rsquo;il s&rsquo;est transform\u00e9 en une position collective organis\u00e9e et visible, diffus\u00e9e par des plateformes num\u00e9riques, des m\u00e9dias et des p\u00e9titions \u00e9lectroniques, et qu&rsquo;il refl\u00e8te le sentiment g\u00e9n\u00e9ral qu&rsquo;il existe un d\u00e9s\u00e9quilibre commun que l&rsquo;on ne peut plus ignorer.   <\/p>\n\n\n\n<p>De ce point de vue, la question n&rsquo;est plus seulement de savoir si les gens sont \u00e0 l&rsquo;aise ou non, mais elle concerne davantage le concept de qualit\u00e9 de vie et l&rsquo;attente plus large des citoyens qui souhaitent que les d\u00e9cisions publiques, en particulier celles qui affectent le rythme quotidien, soient plus proches de leur r\u00e9alit\u00e9 biologique et sociale.    <\/p>\n\n\n\n<h2 class=\"wp-block-heading\"><strong>Les m\u00e9decins tirent la sonnette d&rsquo;alarme<\/strong><\/h2>\n\n\n\n<p>Ce diagnostic sociologique fait l&rsquo;objet de mises en garde croissantes de la part de la communaut\u00e9 m\u00e9dicale. Le Dr Ayman Ait Hadj Kaddour, ma\u00eetre de conf\u00e9rences, estime que le probl\u00e8me d\u00e9passe largement la question de la gestion du temps, puisqu&rsquo;il s&rsquo;agit de ce que l&rsquo;on appelle scientifiquement le \u00ab\u00a0social timing disorder\u00a0\u00bb, c&rsquo;est-\u00e0-dire le d\u00e9calage entre l&rsquo;horloge biologique interne d&rsquo;un individu et le temps qui lui est impos\u00e9 de l&rsquo;ext\u00e9rieur \u00e0 travers les horaires de l&rsquo;\u00e9cole et du travail.     <\/p>\n\n\n\n<p>Selon lui, la gravit\u00e9 du rejet cette ann\u00e9e peut s&rsquo;expliquer par l&rsquo;accumulation de la fatigue chronique chez de nombreux groupes de personnes, car de nombreuses \u00e9tudes indiquent d\u00e9j\u00e0 que la population ne dort pas suffisamment, ce qui signifie que le changement d&rsquo;heure accro\u00eet un fardeau d\u00e9j\u00e0 existant. Les familles sont \u00e9galement plus soucieuses de leur sant\u00e9 que jamais, notamment en ce qui concerne l&rsquo;importance du sommeil et l&rsquo;impact des perturbations du sommeil sur les enfants, de sorte que ce changement n&rsquo;est plus per\u00e7u comme un simple inconv\u00e9nient.      <\/p>\n\n\n\n<p>Le m\u00e9decin souligne que les enfants sont les plus touch\u00e9s, car leur horloge biologique est plus sensible \u00e0 la lumi\u00e8re et leur capacit\u00e9 d&rsquo;adaptation est plus lente, ce qui fait qu&rsquo;ils paient le plus lourd tribut apr\u00e8s chaque retour \u00e0 l&rsquo;heure GMT+1. Cet effet est exacerb\u00e9 par d&rsquo;autres facteurs de la vie quotidienne, comme l&rsquo;entr\u00e9e pr\u00e9coce \u00e0 l&rsquo;\u00e9cole et l&rsquo;utilisation intensive d&rsquo;\u00e9crans, qui retardent d\u00e9j\u00e0 le sommeil et multiplient les effets du changement.       <\/p>\n\n\n\n<p>Il insiste notamment sur l&rsquo;effet de la lumi\u00e8re du soir au printemps : un coucher de soleil plus tardif signifie une exposition plus longue \u00e0 la lumi\u00e8re, ce qui ralentit la lib\u00e9ration de m\u00e9latonine, la principale hormone responsable de la somnolence. En cons\u00e9quence, les enfants ont du mal \u00e0 s&rsquo;endormir \u00e0 temps, ce qui entra\u00eene une r\u00e9duction de la dur\u00e9e du sommeil, de l&rsquo;irritabilit\u00e9 et une faible capacit\u00e9 d&rsquo;attention. \u00c0 moyen terme, de nombreuses \u00e9tudes \u00e9tablissent un lien entre un mauvais sommeil et des probl\u00e8mes de concentration et de m\u00e9moire, un risque accru d&rsquo;ob\u00e9sit\u00e9, une immunit\u00e9 r\u00e9duite et m\u00eame une augmentation de l&rsquo;anxi\u00e9t\u00e9.           <\/p>\n\n\n\n<p>Le m\u00e9decin rappelle que les enfants \u00e2g\u00e9s de 6 \u00e0 12 ans ont g\u00e9n\u00e9ralement besoin de 9 \u00e0 12 heures de sommeil, tandis que les adolescents ont besoin de 8 \u00e0 10 heures, et que tout d\u00e9ficit r\u00e9p\u00e9t\u00e9 de cette p\u00e9riode a un impact \u00e9vident sur leur sant\u00e9. L&rsquo;impact ne se limite pas \u00e0 eux seuls, car le nouveau syst\u00e8me horaire cr\u00e9e un \u00e9tat de discordance au sein de toute la famille, entre le rythme biologique des enfants et les exigences des adultes, qui se traduit par des tensions au moment du coucher, des difficult\u00e9s \u00e0 se r\u00e9veiller et une fatigue g\u00e9n\u00e9rale au sein du foyer.        <\/p>\n\n\n\n<h2 class=\"wp-block-heading\"><strong>Comment l&rsquo;impact peut-il \u00eatre att\u00e9nu\u00e9 ?<\/strong><\/h2>\n\n\n\n<p>Bien que la d\u00e9cision reste impos\u00e9e, les m\u00e9decins proposent quelques mesures qui peuvent contribuer \u00e0 minimiser ses effets sur la sant\u00e9. La premi\u00e8re \u00e9tape consiste \u00e0 adapter progressivement votre heure de coucher, en l&rsquo;avan\u00e7ant de 10 \u00e0 15 minutes chaque jour pendant plusieurs jours, tout en maintenant votre heure de r\u00e9veil constante.    <\/p>\n\n\n\n<p>Les sp\u00e9cialistes soulignent \u00e9galement l&rsquo;importance de contr\u00f4ler l&rsquo;exposition \u00e0 la lumi\u00e8re en la r\u00e9duisant le soir, surtout apr\u00e8s 19 heures, et en \u00e9vitant les \u00e9crans et la lumi\u00e8re bleue qu&rsquo;ils \u00e9mettent, tout en maximisant l&rsquo;exposition \u00e0 la lumi\u00e8re naturelle le matin pour remettre l&rsquo;horloge biologique \u00e0 l&rsquo;heure.    <\/p>\n\n\n\n<p>Les recommandations comprennent l&rsquo;adoption d&rsquo;une routine r\u00e9guli\u00e8re au moment du coucher, y compris des rituels calmes avant le coucher tels que la lecture ou le bain, le maintien d&rsquo;horaires de coucher coh\u00e9rents et l&rsquo;am\u00e9nagement d&rsquo;une chambre plus propice au repos en r\u00e9duisant l&rsquo;\u00e9clairage et en ajustant la temp\u00e9rature. Il est \u00e9galement recommand\u00e9 de d\u00eener t\u00f4t et l\u00e9g\u00e8rement, de ne pratiquer une activit\u00e9 physique que pendant la journ\u00e9e, d&rsquo;\u00e9loigner les \u00e9crans des enfants au moins une heure avant le coucher et d&rsquo;utiliser des techniques de relaxation ou de respiration lente en cas de besoin.        <\/p>\n\n\n\n<p>Cependant, malgr\u00e9 l&rsquo;escalade de la controverse, il n&rsquo;y a pas eu de r\u00e9ponse officielle directe \u00e0 la vague d&rsquo;indignation de cette ann\u00e9e. Comme les ann\u00e9es pr\u00e9c\u00e9dentes, la r\u00e9tention de GMT+1 semble s&rsquo;inscrire dans une tendance \u00e9tablie qui laisse peu de place \u00e0 un d\u00e9bat public ouvert, m\u00eame si la protestation n&rsquo;est plus seulement une r\u00e9action circonstancielle, mais plut\u00f4t un indicateur du foss\u00e9 qui se creuse entre la d\u00e9cision administrative et le rythme quotidien des Marocains.      <\/p>\n","protected":false},"excerpt":{"rendered":"<p>Imm\u00e9diatement apr\u00e8s la fin du Ramadan, le Maroc est revenu \u00e0 l&rsquo;heure GMT+1 apr\u00e8s une p\u00e9riode temporaire de GMT. Bien que cette transition soit devenue un \u00e9v\u00e9nement annuel, cette fois-ci les r\u00e9actions ont \u00e9t\u00e9 plus intenses et plus r\u00e9pandues, \u00e0 tel point que le sujet est pass\u00e9 d&rsquo;une g\u00eane saisonni\u00e8re \u00e0 un vaste d\u00e9bat de &hellip;<\/p>\n","protected":false},"author":2,"featured_media":10918,"comment_status":"open","ping_status":"open","sticky":false,"template":"","format":"standard","meta":{"footnotes":""},"categories":[45],"tags":[],"class_list":["post-10920","post","type-post","status-publish","format-standard","has-post-thumbnail","hentry","category-societe"],"_links":{"self":[{"href":"https:\/\/m24press.com\/fr\/wp-json\/wp\/v2\/posts\/10920","targetHints":{"allow":["GET"]}}],"collection":[{"href":"https:\/\/m24press.com\/fr\/wp-json\/wp\/v2\/posts"}],"about":[{"href":"https:\/\/m24press.com\/fr\/wp-json\/wp\/v2\/types\/post"}],"author":[{"embeddable":true,"href":"https:\/\/m24press.com\/fr\/wp-json\/wp\/v2\/users\/2"}],"replies":[{"embeddable":true,"href":"https:\/\/m24press.com\/fr\/wp-json\/wp\/v2\/comments?post=10920"}],"version-history":[{"count":0,"href":"https:\/\/m24press.com\/fr\/wp-json\/wp\/v2\/posts\/10920\/revisions"}],"wp:featuredmedia":[{"embeddable":true,"href":"https:\/\/m24press.com\/fr\/wp-json\/wp\/v2\/media\/10918"}],"wp:attachment":[{"href":"https:\/\/m24press.com\/fr\/wp-json\/wp\/v2\/media?parent=10920"}],"wp:term":[{"taxonomy":"category","embeddable":true,"href":"https:\/\/m24press.com\/fr\/wp-json\/wp\/v2\/categories?post=10920"},{"taxonomy":"post_tag","embeddable":true,"href":"https:\/\/m24press.com\/fr\/wp-json\/wp\/v2\/tags?post=10920"}],"curies":[{"name":"wp","href":"https:\/\/api.w.org\/{rel}","templated":true}]}}