{"id":11016,"date":"2026-04-02T14:26:29","date_gmt":"2026-04-02T11:26:29","guid":{"rendered":"https:\/\/m24press.com\/royal-air-maroc-prend-livraison-de-son-premier-boeing-737-8-max\/"},"modified":"2026-04-02T14:29:05","modified_gmt":"2026-04-02T11:29:05","slug":"royal-air-maroc-prend-livraison-de-son-premier-boeing-737-8-max","status":"publish","type":"post","link":"https:\/\/m24press.com\/fr\/royal-air-maroc-prend-livraison-de-son-premier-boeing-737-8-max\/","title":{"rendered":"Royal Air Maroc prend livraison de son premier Boeing 737-8 MAX"},"content":{"rendered":"\n<p>Aviation Capital Group LLC a annonc\u00e9 mardi la livraison du premier Boeing 737-8 MAX \u00e0 Royal Air Maroc, une nouvelle \u00e9tape dans son programme de modernisation de la flotte et d&rsquo;augmentation des capacit\u00e9s.   <\/p>\n\n\n\n<p>La compagnie a\u00e9rienne recevra \u00e9galement cinq avions suppl\u00e9mentaires du m\u00eame type dans le cadre de ses efforts visant \u00e0 d\u00e9velopper sa flotte et \u00e0 \u00e9tendre ses capacit\u00e9s, a d\u00e9clar\u00e9 la compagnie dans un communiqu\u00e9.   <\/p>\n\n\n\n<p>L&rsquo;avion fait partie de la nouvelle g\u00e9n\u00e9ration d&rsquo;avions \u00e9conomes en carburant et est \u00e9quip\u00e9 de moteurs CFM LEAP-1B, ce qui lui conf\u00e8re une plus grande efficacit\u00e9 op\u00e9rationnelle et des performances de vol accrues.  <\/p>\n\n\n\n<p>Abdelhamid Adou, pr\u00e9sident-directeur g\u00e9n\u00e9ral de Royal Air Maroc, a d\u00e9clar\u00e9, selon la m\u00eame source, que cette d\u00e9cision repr\u00e9sentait une avanc\u00e9e importante pour la compagnie, car elle renforcera ses capacit\u00e9s op\u00e9rationnelles dans le domaine des vols court et moyen-courriers.   <\/p>\n\n\n\n<p>Il a ajout\u00e9 que l&rsquo;int\u00e9gration de ces nouveaux appareils est conforme \u00e0 l&rsquo;ambition de Royal Air Maroc de renforcer sa pr\u00e9sence internationale et de devenir un acteur mondial de premier plan, tout en offrant une connectivit\u00e9 a\u00e9rienne fiable et efficace entre l&rsquo;Afrique, l&rsquo;Europe et le reste du r\u00e9seau mondial.  <\/p>\n\n\n\n<p><\/p>\n","protected":false},"excerpt":{"rendered":"<p>Aviation Capital Group LLC a annonc\u00e9 mardi la livraison du premier Boeing 737-8 MAX \u00e0 Royal Air Maroc, une nouvelle \u00e9tape dans son programme de modernisation de la flotte et d&rsquo;augmentation des capacit\u00e9s. La compagnie a\u00e9rienne recevra \u00e9galement cinq avions suppl\u00e9mentaires du m\u00eame type dans le cadre de ses efforts visant \u00e0 d\u00e9velopper sa flotte &hellip;<\/p>\n","protected":false},"author":2,"featured_media":11014,"comment_status":"open","ping_status":"open","sticky":false,"template":"","format":"standard","meta":{"footnotes":""},"categories":[49],"tags":[],"class_list":["post-11016","post","type-post","status-publish","format-standard","has-post-thumbnail","hentry","category-economie-et-affaires"],"_links":{"self":[{"href":"https:\/\/m24press.com\/fr\/wp-json\/wp\/v2\/posts\/11016","targetHints":{"allow":["GET"]}}],"collection":[{"href":"https:\/\/m24press.com\/fr\/wp-json\/wp\/v2\/posts"}],"about":[{"href":"https:\/\/m24press.com\/fr\/wp-json\/wp\/v2\/types\/post"}],"author":[{"embeddable":true,"href":"https:\/\/m24press.com\/fr\/wp-json\/wp\/v2\/users\/2"}],"replies":[{"embeddable":true,"href":"https:\/\/m24press.com\/fr\/wp-json\/wp\/v2\/comments?post=11016"}],"version-history":[{"count":1,"href":"https:\/\/m24press.com\/fr\/wp-json\/wp\/v2\/posts\/11016\/revisions"}],"predecessor-version":[{"id":11018,"href":"https:\/\/m24press.com\/fr\/wp-json\/wp\/v2\/posts\/11016\/revisions\/11018"}],"wp:featuredmedia":[{"embeddable":true,"href":"https:\/\/m24press.com\/fr\/wp-json\/wp\/v2\/media\/11014"}],"wp:attachment":[{"href":"https:\/\/m24press.com\/fr\/wp-json\/wp\/v2\/media?parent=11016"}],"wp:term":[{"taxonomy":"category","embeddable":true,"href":"https:\/\/m24press.com\/fr\/wp-json\/wp\/v2\/categories?post=11016"},{"taxonomy":"post_tag","embeddable":true,"href":"https:\/\/m24press.com\/fr\/wp-json\/wp\/v2\/tags?post=11016"}],"curies":[{"name":"wp","href":"https:\/\/api.w.org\/{rel}","templated":true}]}}