{"id":11038,"date":"2026-04-03T09:56:35","date_gmt":"2026-04-03T06:56:35","guid":{"rendered":"https:\/\/m24press.com\/la-fondation-mohammed-vi-pour-les-sciences-et-la-sante-inaugure-le-pole-de-medecine-de-precision-a-rabat\/"},"modified":"2026-04-03T09:56:35","modified_gmt":"2026-04-03T06:56:35","slug":"la-fondation-mohammed-vi-pour-les-sciences-et-la-sante-inaugure-le-pole-de-medecine-de-precision-a-rabat","status":"publish","type":"post","link":"https:\/\/m24press.com\/fr\/la-fondation-mohammed-vi-pour-les-sciences-et-la-sante-inaugure-le-pole-de-medecine-de-precision-a-rabat\/","title":{"rendered":"La Fondation Mohammed VI pour les Sciences et la Sant\u00e9 inaugure le P\u00f4le de M\u00e9decine de Pr\u00e9cision \u00e0 Rabat"},"content":{"rendered":"\n<p>La Fondation Mohammed VI pour les Sciences et la Sant\u00e9 a inaugur\u00e9 jeudi \u00e0 Rabat le P\u00f4le de M\u00e9decine de Pr\u00e9cision de la Fondation Mohammed VI pour les Sciences et la Sant\u00e9, dans une nouvelle \u00e9tape qui favorise le d\u00e9veloppement de la m\u00e9decine sp\u00e9cialis\u00e9e au Maroc.   <\/p>\n\n\n\n<p>Cette nouvelle structure a \u00e9t\u00e9 inaugur\u00e9e au Complexe Hospitalier Universitaire International Mohammed VI \u00e0 Rabat, en pr\u00e9sence du Ministre de la Sant\u00e9 et de la Protection Sociale Amine Tahraoui, du Ministre de l&rsquo;Enseignement Sup\u00e9rieur, de la Recherche Scientifique et de l&rsquo;Innovation Azzedine Medaoui, ainsi que de nombreux officiels et personnalit\u00e9s acad\u00e9miques et institutionnelles.   <\/p>\n\n\n\n<p>A cette occasion, le directeur g\u00e9n\u00e9ral du site de Rabat de la Fondation Mohammed VI pour la Science et la Sant\u00e9, Ahmed Bennana, a expliqu\u00e9 que cet espace m\u00e9dical de pointe repr\u00e9sente une \u00e9tape cl\u00e9 dans le d\u00e9veloppement de la m\u00e9decine de pr\u00e9cision dans le Royaume, en faisant de l&rsquo;innovation scientifique et technologique un \u00e9l\u00e9ment central du syst\u00e8me de traitement.    <\/p>\n\n\n\n<p>Il a soulign\u00e9 qu&rsquo;\u00e0 travers cette initiative strat\u00e9gique, la Fondation fait un saut qualitatif d&rsquo;un mod\u00e8le m\u00e9dical standardis\u00e9 vers une m\u00e9decine personnalis\u00e9e bas\u00e9e sur un diagnostic plus pr\u00e9cis et plus rapide, permettant un traitement plus appropri\u00e9 \u00e0 chaque cas individuel.  <\/p>\n\n\n\n<p>M. Bennana, qui est \u00e9galement directeur g\u00e9n\u00e9ral de l&rsquo;h\u00f4pital universitaire international Mohammed VI de Rabat, a soulign\u00e9 que l&rsquo;importance de ces p\u00f4les est \u00e9vidente dans leur capacit\u00e9 \u00e0 prendre en charge un large \u00e9ventail de maladies, en particulier les cas complexes, notamment les cancers et les maladies rares.    <\/p>\n\n\n\n<p>Saber Boutaib, directeur du Centre Mohammed VI pour la recherche et l&rsquo;innovation, a soulign\u00e9 que ce p\u00f4le est une plateforme m\u00e9dicale et technique multidisciplinaire destin\u00e9e \u00e0 permettre une prise en charge individualis\u00e9e des patients, bas\u00e9e sur une analyse int\u00e9gr\u00e9e des donn\u00e9es cliniques, biologiques et g\u00e9nomiques.     <\/p>\n\n\n\n<p>La mise en place de cette structure a n\u00e9cessit\u00e9 la mobilisation de ressources humaines de diff\u00e9rentes disciplines, ainsi que d&rsquo;\u00e9quipements de pointe, notamment dans les domaines de la g\u00e9nomique et de la bio-informatique, a-t-il pr\u00e9cis\u00e9, notant que le p\u00f4le couvre les diff\u00e9rentes \u00e9tapes de la prise en charge, du diagnostic \u00e0 la d\u00e9cision de traitement, puis au suivi pr\u00e9cis et personnalis\u00e9 des patients.     <\/p>\n\n\n\n<p>Il a ajout\u00e9 que ce p\u00f4le est pleinement int\u00e9gr\u00e9 au Centre Mohammed VI pour la recherche et l&rsquo;innovation, renfor\u00e7ant l&rsquo;intersection entre la recherche fondamentale, la recherche translationnelle et la pratique clinique, tout en ouvrant la voie \u00e0 de nouvelles productions scientifiques, \u00e0 la formation de comp\u00e9tences et \u00e0 des partenariats \u00e0 valeur ajout\u00e9e aux niveaux national et international.    <\/p>\n\n\n\n<p>Jafar Haykal, Directeur G\u00e9n\u00e9ral du P\u00f4le Strat\u00e9gie, D\u00e9veloppement et Relations Internationales de la Fondation Mohammed VI pour la Science et la Sant\u00e9, a d\u00e9clar\u00e9 que ce projet vise \u00e0 apporter une innovation m\u00e9dicale plus proche du patient, bas\u00e9e sur une m\u00e9decine pr\u00e9cise et personnalis\u00e9e, adapt\u00e9e aux diff\u00e9rentes caract\u00e9ristiques de chaque individu.    <\/p>\n\n\n\n<p>Cette initiative vise notamment \u00e0 accro\u00eetre la pr\u00e9cision des diagnostics, \u00e0 am\u00e9liorer les options th\u00e9rapeutiques gr\u00e2ce \u00e0 l&rsquo;int\u00e9gration des donn\u00e9es g\u00e9nomiques et \u00e0 renforcer la position du Maroc dans le domaine de la recherche clinique et de l&rsquo;innovation biom\u00e9dicale, a-t-il ajout\u00e9.    <\/p>\n\n\n\n<p>Le p\u00f4le cherche \u00e9galement \u00e0 \u00e9largir l&rsquo;acc\u00e8s aux technologies m\u00e9dicales avanc\u00e9es, tout en construisant un \u00e9cosyst\u00e8me int\u00e9gr\u00e9 qui rassemble les acteurs cliniques et universitaires, a-t-il d\u00e9clar\u00e9. <\/p>\n","protected":false},"excerpt":{"rendered":"<p>La Fondation Mohammed VI pour les Sciences et la Sant\u00e9 a inaugur\u00e9 jeudi \u00e0 Rabat le P\u00f4le de M\u00e9decine de Pr\u00e9cision de la Fondation Mohammed VI pour les Sciences et la Sant\u00e9, dans une nouvelle \u00e9tape qui favorise le d\u00e9veloppement de la m\u00e9decine sp\u00e9cialis\u00e9e au Maroc. Cette nouvelle structure a \u00e9t\u00e9 inaugur\u00e9e au Complexe Hospitalier &hellip;<\/p>\n","protected":false},"author":2,"featured_media":11036,"comment_status":"open","ping_status":"open","sticky":false,"template":"","format":"standard","meta":{"footnotes":""},"categories":[44],"tags":[],"class_list":["post-11038","post","type-post","status-publish","format-standard","has-post-thumbnail","hentry","category-sante"],"_links":{"self":[{"href":"https:\/\/m24press.com\/fr\/wp-json\/wp\/v2\/posts\/11038","targetHints":{"allow":["GET"]}}],"collection":[{"href":"https:\/\/m24press.com\/fr\/wp-json\/wp\/v2\/posts"}],"about":[{"href":"https:\/\/m24press.com\/fr\/wp-json\/wp\/v2\/types\/post"}],"author":[{"embeddable":true,"href":"https:\/\/m24press.com\/fr\/wp-json\/wp\/v2\/users\/2"}],"replies":[{"embeddable":true,"href":"https:\/\/m24press.com\/fr\/wp-json\/wp\/v2\/comments?post=11038"}],"version-history":[{"count":0,"href":"https:\/\/m24press.com\/fr\/wp-json\/wp\/v2\/posts\/11038\/revisions"}],"wp:featuredmedia":[{"embeddable":true,"href":"https:\/\/m24press.com\/fr\/wp-json\/wp\/v2\/media\/11036"}],"wp:attachment":[{"href":"https:\/\/m24press.com\/fr\/wp-json\/wp\/v2\/media?parent=11038"}],"wp:term":[{"taxonomy":"category","embeddable":true,"href":"https:\/\/m24press.com\/fr\/wp-json\/wp\/v2\/categories?post=11038"},{"taxonomy":"post_tag","embeddable":true,"href":"https:\/\/m24press.com\/fr\/wp-json\/wp\/v2\/tags?post=11038"}],"curies":[{"name":"wp","href":"https:\/\/api.w.org\/{rel}","templated":true}]}}