{"id":11048,"date":"2026-04-03T13:00:29","date_gmt":"2026-04-03T10:00:29","guid":{"rendered":"https:\/\/m24press.com\/reunion-franco-marocaine-pour-renforcer-la-cooperation-en-vue-de-la-coupe-du-monde-2030\/"},"modified":"2026-04-03T13:00:29","modified_gmt":"2026-04-03T10:00:29","slug":"reunion-franco-marocaine-pour-renforcer-la-cooperation-en-vue-de-la-coupe-du-monde-2030","status":"publish","type":"post","link":"https:\/\/m24press.com\/fr\/reunion-franco-marocaine-pour-renforcer-la-cooperation-en-vue-de-la-coupe-du-monde-2030\/","title":{"rendered":"R\u00e9union franco-marocaine pour renforcer la coop\u00e9ration en vue de la Coupe du monde 2030"},"content":{"rendered":"\n<p>Une r\u00e9union de la cellule de travail mixte entre le Maroc et la France s&rsquo;est tenue jeudi au Complexe de football Mohammed VI \u00e0 Sal\u00e9, en pr\u00e9paration de la coop\u00e9ration bilat\u00e9rale li\u00e9e \u00e0 l&rsquo;organisation de la Coupe du monde 2030.   <\/p>\n\n\n\n<p>La r\u00e9union a \u00e9t\u00e9 pr\u00e9sid\u00e9e par le pr\u00e9sident de la Ligue royale marocaine de football et de la Fondation Maroc 2030, Faouzi Lekjaa, en pr\u00e9sence du ministre fran\u00e7ais d\u00e9l\u00e9gu\u00e9 aupr\u00e8s du ministre de l&rsquo;Europe et des Affaires \u00e9trang\u00e8res, charg\u00e9 du Commerce ext\u00e9rieur et de l&rsquo;Attractivit\u00e9, Nicolas Forestier. Le Pr\u00e9sident du Groupe Industrie Maroc de la F\u00e9d\u00e9ration G\u00e9n\u00e9rale des Entreprises du Maroc, Mohamed Bachiri, a \u00e9galement particip\u00e9 \u00e0 la r\u00e9union, ainsi que le Pr\u00e9sident de la F\u00e9d\u00e9ration Fran\u00e7aise de Football, Philippe Diallo.       <\/p>\n\n\n\n<p>Lors de cette rencontre, Fawzi Lekjaa a soulign\u00e9 que la Coupe du monde 2030 repr\u00e9sente une \u00e9tape cl\u00e9 dans le projet de d\u00e9veloppement lanc\u00e9 par le Maroc il y a pr\u00e8s de deux d\u00e9cennies, mettant en avant la volont\u00e9 du Royaume de b\u00e9n\u00e9ficier de l&rsquo;exp\u00e9rience fran\u00e7aise en mati\u00e8re d&rsquo;organisation de grands \u00e9v\u00e9nements sportifs, notamment les Jeux olympiques de 2024.   <\/p>\n\n\n\n<p>M. Legujaa a \u00e9galement indiqu\u00e9 qu&rsquo;un nouvel aspect de cette coop\u00e9ration sera consacr\u00e9 \u00e0 l&rsquo;aide \u00e0 la jeunesse par le biais du football, dans le but d&rsquo;inculquer les valeurs de tol\u00e9rance, de fair-play et d&rsquo;inclusion. <\/p>\n\n\n\n<p>Pour sa part, Nicolas Forestier a indiqu\u00e9 dans une d\u00e9claration \u00e0 la presse que sa visite au Maroc s&rsquo;inscrit dans le cadre d&rsquo;une s\u00e9rie de rencontres bilat\u00e9rales visant \u00e0 consolider les relations privil\u00e9gi\u00e9es entre les deux pays, ajoutant que cette coop\u00e9ration ne se limite pas au seul aspect \u00e9conomique, mais vise \u00e9galement \u00e0 concr\u00e9tiser l&rsquo;amiti\u00e9 entre les deux peuples et \u00e0 donner aux g\u00e9n\u00e9rations montantes des deux pays un espace de r\u00eave et d&rsquo;aspiration.     <\/p>\n\n\n\n<p>Cette comp\u00e9tition, que le Maroc organisera conjointement avec l&rsquo;Espagne et le Portugal, place le Royaume au c\u0153ur de l&rsquo;espace euro-m\u00e9diterran\u00e9en et constitue un pont strat\u00e9gique entre l&rsquo;Europe et l&rsquo;Afrique, bas\u00e9 sur une logique de proximit\u00e9, d&rsquo;int\u00e9gration et de coop\u00e9ration commune, a d\u00e9clar\u00e9 Mohamed Bachiri.     <\/p>\n","protected":false},"excerpt":{"rendered":"<p>Une r\u00e9union de la cellule de travail mixte entre le Maroc et la France s&rsquo;est tenue jeudi au Complexe de football Mohammed VI \u00e0 Sal\u00e9, en pr\u00e9paration de la coop\u00e9ration bilat\u00e9rale li\u00e9e \u00e0 l&rsquo;organisation de la Coupe du monde 2030. La r\u00e9union a \u00e9t\u00e9 pr\u00e9sid\u00e9e par le pr\u00e9sident de la Ligue royale marocaine de football &hellip;<\/p>\n","protected":false},"author":2,"featured_media":11046,"comment_status":"open","ping_status":"open","sticky":false,"template":"","format":"standard","meta":{"footnotes":""},"categories":[48],"tags":[],"class_list":["post-11048","post","type-post","status-publish","format-standard","has-post-thumbnail","hentry","category-actualites-sportives"],"_links":{"self":[{"href":"https:\/\/m24press.com\/fr\/wp-json\/wp\/v2\/posts\/11048","targetHints":{"allow":["GET"]}}],"collection":[{"href":"https:\/\/m24press.com\/fr\/wp-json\/wp\/v2\/posts"}],"about":[{"href":"https:\/\/m24press.com\/fr\/wp-json\/wp\/v2\/types\/post"}],"author":[{"embeddable":true,"href":"https:\/\/m24press.com\/fr\/wp-json\/wp\/v2\/users\/2"}],"replies":[{"embeddable":true,"href":"https:\/\/m24press.com\/fr\/wp-json\/wp\/v2\/comments?post=11048"}],"version-history":[{"count":0,"href":"https:\/\/m24press.com\/fr\/wp-json\/wp\/v2\/posts\/11048\/revisions"}],"wp:featuredmedia":[{"embeddable":true,"href":"https:\/\/m24press.com\/fr\/wp-json\/wp\/v2\/media\/11046"}],"wp:attachment":[{"href":"https:\/\/m24press.com\/fr\/wp-json\/wp\/v2\/media?parent=11048"}],"wp:term":[{"taxonomy":"category","embeddable":true,"href":"https:\/\/m24press.com\/fr\/wp-json\/wp\/v2\/categories?post=11048"},{"taxonomy":"post_tag","embeddable":true,"href":"https:\/\/m24press.com\/fr\/wp-json\/wp\/v2\/tags?post=11048"}],"curies":[{"name":"wp","href":"https:\/\/api.w.org\/{rel}","templated":true}]}}