{"id":11577,"date":"2026-04-26T06:27:00","date_gmt":"2026-04-26T03:27:00","guid":{"rendered":"https:\/\/m24press.com\/la-norvege-envisage-dinterdire-aux-enfants-de-moins-de-16-ans-dutiliser-les-plateformes-de-medias-sociaux\/"},"modified":"2026-04-26T06:27:00","modified_gmt":"2026-04-26T03:27:00","slug":"la-norvege-envisage-dinterdire-aux-enfants-de-moins-de-16-ans-dutiliser-les-plateformes-de-medias-sociaux","status":"publish","type":"post","link":"https:\/\/m24press.com\/fr\/la-norvege-envisage-dinterdire-aux-enfants-de-moins-de-16-ans-dutiliser-les-plateformes-de-medias-sociaux\/","title":{"rendered":"La Norv\u00e8ge envisage d&rsquo;interdire aux enfants de moins de 16 ans d&rsquo;utiliser les plateformes de m\u00e9dias sociaux"},"content":{"rendered":"\n<p>La Norv\u00e8ge s&rsquo;appr\u00eate \u00e0 franchir une nouvelle \u00e9tape l\u00e9gislative dans le domaine de la protection num\u00e9rique en interdisant aux enfants de moins de 16 ans d&rsquo;utiliser les m\u00e9dias sociaux dans le cadre d&rsquo;un projet de loi qui devrait \u00eatre pr\u00e9sent\u00e9 au parlement avant la fin de l&rsquo;ann\u00e9e.  <\/p>\n\n\n\n<p>Dans une d\u00e9claration officielle, le Premier ministre Jonas Gahr Storr a soulign\u00e9 que cette d\u00e9cision d\u00e9coulait de la volont\u00e9 du gouvernement de permettre aux enfants de vivre leur enfance de mani\u00e8re naturelle, loin de la domination des \u00e9crans et des algorithmes dans leur journ\u00e9e, au d\u00e9triment du jeu, des relations sociales et des exp\u00e9riences simples de la vie quotidienne.    <\/p>\n\n\n\n<p>La mesure repr\u00e9sente une \u00e9tape importante dans le processus de protection des mineurs dans l&rsquo;espace num\u00e9rique, a-t-il d\u00e9clar\u00e9, notant que la responsabilit\u00e9 de v\u00e9rifier l&rsquo;\u00e2ge des utilisateurs incombera aux entreprises technologiques, bien que le gouvernement n&rsquo;ait pas encore finalis\u00e9 les applications ou les plateformes qui seront couvertes par cette interdiction.  <\/p>\n\n\n\n<p>En vertu du projet de loi \u00e0 venir, les entreprises num\u00e9riques seront tenues de prendre des mesures claires pour v\u00e9rifier l&rsquo;\u00e2ge des utilisateurs de moins de 16 ans, dans le cadre d&rsquo;un renforcement des contr\u00f4les sur l&rsquo;acc\u00e8s des mineurs \u00e0 ces plateformes.  <\/p>\n\n\n\n<p>Cette d\u00e9cision s&rsquo;inscrit dans un contexte europ\u00e9en plus large, o\u00f9 plusieurs pays, dont la France, l&rsquo;Espagne et le Danemark, ont annonc\u00e9 leur intention d&rsquo;imposer un \u00e2ge minimum pour l&rsquo;utilisation des r\u00e9seaux sociaux, tandis que d&rsquo;autres pays, comme l&rsquo;Australie et la Turquie, ont d\u00e9j\u00e0 pris des mesures similaires.   <\/p>\n","protected":false},"excerpt":{"rendered":"<p>La Norv\u00e8ge s&rsquo;appr\u00eate \u00e0 franchir une nouvelle \u00e9tape l\u00e9gislative dans le domaine de la protection num\u00e9rique en interdisant aux enfants de moins de 16 ans d&rsquo;utiliser les m\u00e9dias sociaux dans le cadre d&rsquo;un projet de loi qui devrait \u00eatre pr\u00e9sent\u00e9 au parlement avant la fin de l&rsquo;ann\u00e9e. Dans une d\u00e9claration officielle, le Premier ministre Jonas &hellip;<\/p>\n","protected":false},"author":2,"featured_media":11574,"comment_status":"open","ping_status":"open","sticky":false,"template":"","format":"standard","meta":{"footnotes":""},"categories":[51],"tags":[],"class_list":["post-11577","post","type-post","status-publish","format-standard","has-post-thumbnail","hentry","category-actualites-technologiques"],"_links":{"self":[{"href":"https:\/\/m24press.com\/fr\/wp-json\/wp\/v2\/posts\/11577","targetHints":{"allow":["GET"]}}],"collection":[{"href":"https:\/\/m24press.com\/fr\/wp-json\/wp\/v2\/posts"}],"about":[{"href":"https:\/\/m24press.com\/fr\/wp-json\/wp\/v2\/types\/post"}],"author":[{"embeddable":true,"href":"https:\/\/m24press.com\/fr\/wp-json\/wp\/v2\/users\/2"}],"replies":[{"embeddable":true,"href":"https:\/\/m24press.com\/fr\/wp-json\/wp\/v2\/comments?post=11577"}],"version-history":[{"count":0,"href":"https:\/\/m24press.com\/fr\/wp-json\/wp\/v2\/posts\/11577\/revisions"}],"wp:featuredmedia":[{"embeddable":true,"href":"https:\/\/m24press.com\/fr\/wp-json\/wp\/v2\/media\/11574"}],"wp:attachment":[{"href":"https:\/\/m24press.com\/fr\/wp-json\/wp\/v2\/media?parent=11577"}],"wp:term":[{"taxonomy":"category","embeddable":true,"href":"https:\/\/m24press.com\/fr\/wp-json\/wp\/v2\/categories?post=11577"},{"taxonomy":"post_tag","embeddable":true,"href":"https:\/\/m24press.com\/fr\/wp-json\/wp\/v2\/tags?post=11577"}],"curies":[{"name":"wp","href":"https:\/\/api.w.org\/{rel}","templated":true}]}}