{"id":11578,"date":"2026-04-26T06:16:00","date_gmt":"2026-04-26T03:16:00","guid":{"rendered":"https:\/\/m24press.com\/le-nez-garde-une-memoire-immunitaire-des-virus-et-les-combat-lorsquils-reviennent\/"},"modified":"2026-04-26T06:16:00","modified_gmt":"2026-04-26T03:16:00","slug":"le-nez-garde-une-memoire-immunitaire-des-virus-et-les-combat-lorsquils-reviennent","status":"publish","type":"post","link":"https:\/\/m24press.com\/fr\/le-nez-garde-une-memoire-immunitaire-des-virus-et-les-combat-lorsquils-reviennent\/","title":{"rendered":"Le nez garde une m\u00e9moire immunitaire des virus et les combat lorsqu&rsquo;ils reviennent."},"content":{"rendered":"\n<p>Une \u00e9tude scientifique r\u00e9cente a r\u00e9v\u00e9l\u00e9 que le nez ne sert pas seulement \u00e0 respirer, mais qu&rsquo;il constitue une ligne de d\u00e9fense immunitaire avanc\u00e9e capable de se souvenir des virus qui ont d\u00e9j\u00e0 p\u00e9n\u00e9tr\u00e9 dans l&rsquo;organisme et de r\u00e9agir rapidement lorsqu&rsquo;ils r\u00e9apparaissent, dans une d\u00e9couverte scientifique qui repense la fa\u00e7on dont nous comprenons l&rsquo;immunit\u00e9 au sein du syst\u00e8me respiratoire.   <\/p>\n\n\n\n<p>L&rsquo;\u00e9tude a \u00e9t\u00e9 men\u00e9e par des chercheurs du La Jolla Immunology Institute en Californie, un centre de recherche biom\u00e9dicale, et publi\u00e9e dans la revue Nature. Elle s&rsquo;est appuy\u00e9e sur l&rsquo;analyse de cellules pr\u00e9sentes dans les voies respiratoires sup\u00e9rieures, avec la participation d&rsquo;\u00e9quipes scientifiques dont celle de Shane Crotty.    <\/p>\n\n\n\n<p>Les r\u00e9sultats ont montr\u00e9 que les tissus nasaux contiennent des cellules immunitaires capables de garder en m\u00e9moire les virus que l&rsquo;organisme a d\u00e9j\u00e0 rencontr\u00e9s. Ces cellules restent stabilis\u00e9es dans les tissus nasaux, toujours en alerte au point d&rsquo;entr\u00e9e d&rsquo;une infection respiratoire.  <\/p>\n\n\n\n<p>Lorsqu&rsquo;un virus similaire r\u00e9appara\u00eet, ces cellules d\u00e9clenchent une r\u00e9ponse rapide, soit en produisant des anticorps, soit en activant d&rsquo;autres m\u00e9canismes de d\u00e9fense, contribuant ainsi \u00e0 limiter la propagation de l&rsquo;infection dans ses premiers stades.    <\/p>\n\n\n\n<p>Cette d\u00e9couverte repr\u00e9sente une avanc\u00e9e importante dans la compr\u00e9hension du syst\u00e8me immunitaire, l&rsquo;attention des scientifiques s&rsquo;\u00e9tant jusqu&rsquo;\u00e0 pr\u00e9sent concentr\u00e9e sur les cellules qui se d\u00e9placent dans le sang. Cette \u00e9tude a mis en \u00e9vidence le r\u00f4le essentiel des cellules dites r\u00e9sidentes dans les tissus, qui se d\u00e9placent plus rapidement et plus pr\u00e9cis\u00e9ment parce qu&rsquo;elles se trouvent d\u00e9j\u00e0 \u00e0 l&rsquo;endroit o\u00f9 l&rsquo;infection commence.    <\/p>\n\n\n\n<p>Les chercheurs ont montr\u00e9 que cette m\u00e9moire immunitaire localis\u00e9e peut durer longtemps et, dans certains cas, rester efficace pendant des ann\u00e9es. Les vaccins jouent un r\u00f4le dans le renforcement de ce type de d\u00e9fense en entra\u00eenant ces cellules \u00e0 reconna\u00eetre les pathog\u00e8nes. Cependant, l&rsquo;efficacit\u00e9 de cette m\u00e9moire est \u00e9galement li\u00e9e \u00e0 la capacit\u00e9 des virus \u00e0 muter, certaines mutations pouvant leur permettre d&rsquo;\u00e9chapper partiellement \u00e0 cette reconnaissance immunitaire.     <\/p>\n\n\n\n<p>Ces r\u00e9sultats n&rsquo;ont pas seulement une importance th\u00e9orique, ils ouvrent \u00e9galement des perspectives pratiques dans le domaine de la pr\u00e9vention, car ils pourraient contribuer au d\u00e9veloppement de vaccins intranasaux pour renforcer l&rsquo;immunit\u00e9 localis\u00e9e directement \u00e0 la porte d&rsquo;entr\u00e9e des virus, ce qui pourrait constituer une approche prometteuse pour r\u00e9duire les infections respiratoires \u00e0 l&rsquo;avenir.    <\/p>\n","protected":false},"excerpt":{"rendered":"<p>Une \u00e9tude scientifique r\u00e9cente a r\u00e9v\u00e9l\u00e9 que le nez ne sert pas seulement \u00e0 respirer, mais qu&rsquo;il constitue une ligne de d\u00e9fense immunitaire avanc\u00e9e capable de se souvenir des virus qui ont d\u00e9j\u00e0 p\u00e9n\u00e9tr\u00e9 dans l&rsquo;organisme et de r\u00e9agir rapidement lorsqu&rsquo;ils r\u00e9apparaissent, dans une d\u00e9couverte scientifique qui repense la fa\u00e7on dont nous comprenons l&rsquo;immunit\u00e9 au &hellip;<\/p>\n","protected":false},"author":2,"featured_media":11565,"comment_status":"open","ping_status":"open","sticky":false,"template":"","format":"standard","meta":{"footnotes":""},"categories":[44],"tags":[],"class_list":["post-11578","post","type-post","status-publish","format-standard","has-post-thumbnail","hentry","category-sante"],"_links":{"self":[{"href":"https:\/\/m24press.com\/fr\/wp-json\/wp\/v2\/posts\/11578","targetHints":{"allow":["GET"]}}],"collection":[{"href":"https:\/\/m24press.com\/fr\/wp-json\/wp\/v2\/posts"}],"about":[{"href":"https:\/\/m24press.com\/fr\/wp-json\/wp\/v2\/types\/post"}],"author":[{"embeddable":true,"href":"https:\/\/m24press.com\/fr\/wp-json\/wp\/v2\/users\/2"}],"replies":[{"embeddable":true,"href":"https:\/\/m24press.com\/fr\/wp-json\/wp\/v2\/comments?post=11578"}],"version-history":[{"count":0,"href":"https:\/\/m24press.com\/fr\/wp-json\/wp\/v2\/posts\/11578\/revisions"}],"wp:featuredmedia":[{"embeddable":true,"href":"https:\/\/m24press.com\/fr\/wp-json\/wp\/v2\/media\/11565"}],"wp:attachment":[{"href":"https:\/\/m24press.com\/fr\/wp-json\/wp\/v2\/media?parent=11578"}],"wp:term":[{"taxonomy":"category","embeddable":true,"href":"https:\/\/m24press.com\/fr\/wp-json\/wp\/v2\/categories?post=11578"},{"taxonomy":"post_tag","embeddable":true,"href":"https:\/\/m24press.com\/fr\/wp-json\/wp\/v2\/tags?post=11578"}],"curies":[{"name":"wp","href":"https:\/\/api.w.org\/{rel}","templated":true}]}}