{"id":11583,"date":"2026-04-27T09:55:06","date_gmt":"2026-04-27T06:55:06","guid":{"rendered":"https:\/\/m24press.com\/le-bilan-salourdit-dans-le-sud-du-liban-14-morts-et-37-blesses-dans-des-raids-israeliens-en-24-heures\/"},"modified":"2026-04-27T09:55:06","modified_gmt":"2026-04-27T06:55:06","slug":"le-bilan-salourdit-dans-le-sud-du-liban-14-morts-et-37-blesses-dans-des-raids-israeliens-en-24-heures","status":"publish","type":"post","link":"https:\/\/m24press.com\/fr\/le-bilan-salourdit-dans-le-sud-du-liban-14-morts-et-37-blesses-dans-des-raids-israeliens-en-24-heures\/","title":{"rendered":"Le bilan s&rsquo;alourdit dans le sud du Liban 14 morts et 37 bless\u00e9s dans des raids isra\u00e9liens en 24 heures"},"content":{"rendered":"\n<p>Les frappes a\u00e9riennes isra\u00e9liennes qui ont vis\u00e9 des zones du sud du Liban dimanche 26 avril ont tu\u00e9 14 Libanais au cours des derni\u00e8res 24 heures, dont deux enfants et deux femmes, et bless\u00e9 37 personnes, dont trois femmes, a d\u00e9clar\u00e9 le minist\u00e8re libanais de la sant\u00e9 dans un communiqu\u00e9 officiel.     <\/p>\n\n\n\n<p>Ce bilan refl\u00e8te une nouvelle escalade dans la fr\u00e9quence des attaques de l&rsquo;arm\u00e9e isra\u00e9lienne sur le Sud-Liban, malgr\u00e9 une tr\u00eave en vigueur depuis le 16 avril. La tr\u00eave a d&rsquo;abord \u00e9t\u00e9 approuv\u00e9e pour dix jours, avant d&rsquo;\u00eatre prolong\u00e9e de trois semaines \u00e0 partir de vendredi matin dernier, mais cela n&rsquo;a pas emp\u00each\u00e9 les frappes sur le terrain, qui continuent de faire des victimes et de causer des destructions.    <\/p>\n\n\n\n<p>Dans ce contexte, la situation en mati\u00e8re de s\u00e9curit\u00e9 dans le sud du Liban continue de susciter de vives inqui\u00e9tudes, compte tenu de la poursuite des attaques et de l&rsquo;augmentation des pertes humaines, en particulier des pertes d&rsquo;enfants et de femmes, ce qui met en \u00e9vidence le co\u00fbt humanitaire de cette escalade.    <\/p>\n\n\n\n<p>Le minist\u00e8re libanais de la sant\u00e9 a annonc\u00e9 dimanche soir que le nombre total de victimes des attaques isra\u00e9liennes au Liban depuis le 2 mars s&rsquo;\u00e9levait \u00e0 2 509 morts et 7 755 bless\u00e9s, un lourd bilan qui refl\u00e8te l&rsquo;ampleur des affrontements et le danger qu&rsquo;ils repr\u00e9sentent pour les civils.   <\/p>\n\n\n\n<p>Cette \u00e9volution intervient \u00e0 un moment o\u00f9 de plus en plus d&rsquo;appels sont lanc\u00e9s en faveur du respect des accords de tr\u00eave et de l&rsquo;arr\u00eat des violations qui menacent de saper tous les efforts visant \u00e0 r\u00e9duire les tensions et \u00e0 r\u00e9tablir la stabilit\u00e9 dans la r\u00e9gion frontali\u00e8re.<\/p>\n","protected":false},"excerpt":{"rendered":"<p>Les frappes a\u00e9riennes isra\u00e9liennes qui ont vis\u00e9 des zones du sud du Liban dimanche 26 avril ont tu\u00e9 14 Libanais au cours des derni\u00e8res 24 heures, dont deux enfants et deux femmes, et bless\u00e9 37 personnes, dont trois femmes, a d\u00e9clar\u00e9 le minist\u00e8re libanais de la sant\u00e9 dans un communiqu\u00e9 officiel. Ce bilan refl\u00e8te une &hellip;<\/p>\n","protected":false},"author":2,"featured_media":11581,"comment_status":"open","ping_status":"open","sticky":false,"template":"","format":"standard","meta":{"footnotes":""},"categories":[52],"tags":[],"class_list":["post-11583","post","type-post","status-publish","format-standard","has-post-thumbnail","hentry","category-actualites-internationales"],"_links":{"self":[{"href":"https:\/\/m24press.com\/fr\/wp-json\/wp\/v2\/posts\/11583","targetHints":{"allow":["GET"]}}],"collection":[{"href":"https:\/\/m24press.com\/fr\/wp-json\/wp\/v2\/posts"}],"about":[{"href":"https:\/\/m24press.com\/fr\/wp-json\/wp\/v2\/types\/post"}],"author":[{"embeddable":true,"href":"https:\/\/m24press.com\/fr\/wp-json\/wp\/v2\/users\/2"}],"replies":[{"embeddable":true,"href":"https:\/\/m24press.com\/fr\/wp-json\/wp\/v2\/comments?post=11583"}],"version-history":[{"count":0,"href":"https:\/\/m24press.com\/fr\/wp-json\/wp\/v2\/posts\/11583\/revisions"}],"wp:featuredmedia":[{"embeddable":true,"href":"https:\/\/m24press.com\/fr\/wp-json\/wp\/v2\/media\/11581"}],"wp:attachment":[{"href":"https:\/\/m24press.com\/fr\/wp-json\/wp\/v2\/media?parent=11583"}],"wp:term":[{"taxonomy":"category","embeddable":true,"href":"https:\/\/m24press.com\/fr\/wp-json\/wp\/v2\/categories?post=11583"},{"taxonomy":"post_tag","embeddable":true,"href":"https:\/\/m24press.com\/fr\/wp-json\/wp\/v2\/tags?post=11583"}],"curies":[{"name":"wp","href":"https:\/\/api.w.org\/{rel}","templated":true}]}}