{"id":11609,"date":"2026-04-27T16:57:11","date_gmt":"2026-04-27T13:57:11","guid":{"rendered":"https:\/\/m24press.com\/hakimi-revient-a-lentrainement-et-donne-un-coup-de-fouet-au-psg-avant-le-bayern\/"},"modified":"2026-04-27T16:57:11","modified_gmt":"2026-04-27T13:57:11","slug":"hakimi-revient-a-lentrainement-et-donne-un-coup-de-fouet-au-psg-avant-le-bayern","status":"publish","type":"post","link":"https:\/\/m24press.com\/fr\/hakimi-revient-a-lentrainement-et-donne-un-coup-de-fouet-au-psg-avant-le-bayern\/","title":{"rendered":"Hakimi revient \u00e0 l&rsquo;entra\u00eenement et donne un coup de fouet au PSG avant le Bayern"},"content":{"rendered":"\n<p>L&rsquo;\u00e9quipe du Paris Saint-Germain a re\u00e7u un signe positif avant le tr\u00e8s attendu match europ\u00e9en contre le Bayern Munich. L&rsquo;international marocain Achraf Hakimi a repris l&rsquo;entra\u00eenement lundi matin, juste \u00e0 temps pour le match aller de la demi-finale de la Ligue des champions.  <\/p>\n\n\n\n<p>Hakimi a particip\u00e9 \u00e0 la s\u00e9ance d&rsquo;entra\u00eenement des Parisiens avant de recevoir le club allemand mardi soir, en demi-finale aller de la comp\u00e9tition continentale lors de la saison 2025-2026, ce qui suscite le soulagement dans le camp du Saint-Germain.  <\/p>\n\n\n\n<p>La star marocaine avait suscit\u00e9 l&rsquo;inqui\u00e9tude dans les rangs de son \u00e9quipe apr\u00e8s sa sortie sur blessure lors de la victoire 3-0 du PSG sur Angers le week-end dernier lors de la 31e journ\u00e9e de Ligue 1.  <\/p>\n\n\n\n<p>Le retour \u00e0 l&rsquo;entra\u00eenement de Hakimi \u00e0 ce moment-l\u00e0 donne un coup de pouce important \u00e0 l&rsquo;entra\u00eeneur, compte tenu de la grande valeur que repr\u00e9sente le joueur dans le syst\u00e8me parisien, tant en termes de pr\u00e9sence d\u00e9fensive que d&rsquo;apport offensif, notamment dans les grands matchs qui n\u00e9cessitent exp\u00e9rience, rapidit\u00e9 et esprit de d\u00e9cision au poste de lat\u00e9ral droit.   <\/p>\n\n\n\n<p>La s\u00e9ance d&rsquo;entra\u00eenement a \u00e9galement vu la pr\u00e9sence de l&rsquo;international portugais Vitinha, qui a manqu\u00e9 les deux derniers matches du PSG, apr\u00e8s s&rsquo;\u00eatre bless\u00e9 \u00e0 la 38e minute contre Lyon, que le club a perdu 2-1 \u00e0 domicile lors de la 29e journ\u00e9e de la Ligue 1 fran\u00e7aise.    <\/p>\n\n\n\n<p>L&rsquo;encadrement de Saint-Germain attend de voir si certains de ses joueurs sont en pleine possession de leurs moyens pour ce sommet continental, tandis que les retours de Hakimi et de Fettenia sont une bonne nouvelle pour les options de l&rsquo;\u00e9quipe avant l&rsquo;un des matchs les plus importants de la saison. <\/p>\n","protected":false},"excerpt":{"rendered":"<p>L&rsquo;\u00e9quipe du Paris Saint-Germain a re\u00e7u un signe positif avant le tr\u00e8s attendu match europ\u00e9en contre le Bayern Munich. L&rsquo;international marocain Achraf Hakimi a repris l&rsquo;entra\u00eenement lundi matin, juste \u00e0 temps pour le match aller de la demi-finale de la Ligue des champions. Hakimi a particip\u00e9 \u00e0 la s\u00e9ance d&rsquo;entra\u00eenement des Parisiens avant de recevoir &hellip;<\/p>\n","protected":false},"author":2,"featured_media":11607,"comment_status":"open","ping_status":"open","sticky":false,"template":"","format":"standard","meta":{"footnotes":""},"categories":[48],"tags":[],"class_list":["post-11609","post","type-post","status-publish","format-standard","has-post-thumbnail","hentry","category-actualites-sportives"],"_links":{"self":[{"href":"https:\/\/m24press.com\/fr\/wp-json\/wp\/v2\/posts\/11609","targetHints":{"allow":["GET"]}}],"collection":[{"href":"https:\/\/m24press.com\/fr\/wp-json\/wp\/v2\/posts"}],"about":[{"href":"https:\/\/m24press.com\/fr\/wp-json\/wp\/v2\/types\/post"}],"author":[{"embeddable":true,"href":"https:\/\/m24press.com\/fr\/wp-json\/wp\/v2\/users\/2"}],"replies":[{"embeddable":true,"href":"https:\/\/m24press.com\/fr\/wp-json\/wp\/v2\/comments?post=11609"}],"version-history":[{"count":0,"href":"https:\/\/m24press.com\/fr\/wp-json\/wp\/v2\/posts\/11609\/revisions"}],"wp:featuredmedia":[{"embeddable":true,"href":"https:\/\/m24press.com\/fr\/wp-json\/wp\/v2\/media\/11607"}],"wp:attachment":[{"href":"https:\/\/m24press.com\/fr\/wp-json\/wp\/v2\/media?parent=11609"}],"wp:term":[{"taxonomy":"category","embeddable":true,"href":"https:\/\/m24press.com\/fr\/wp-json\/wp\/v2\/categories?post=11609"},{"taxonomy":"post_tag","embeddable":true,"href":"https:\/\/m24press.com\/fr\/wp-json\/wp\/v2\/tags?post=11609"}],"curies":[{"name":"wp","href":"https:\/\/api.w.org\/{rel}","templated":true}]}}