{"id":11623,"date":"2026-04-28T11:11:43","date_gmt":"2026-04-28T08:11:43","guid":{"rendered":"https:\/\/m24press.com\/la-production-legale-de-cannabis-dal-hoceima-devrait-augmenter-considerablement-en-2025\/"},"modified":"2026-04-28T11:11:43","modified_gmt":"2026-04-28T08:11:43","slug":"la-production-legale-de-cannabis-dal-hoceima-devrait-augmenter-considerablement-en-2025","status":"publish","type":"post","link":"https:\/\/m24press.com\/fr\/la-production-legale-de-cannabis-dal-hoceima-devrait-augmenter-considerablement-en-2025\/","title":{"rendered":"La production l\u00e9gale de cannabis d&rsquo;Al Hoceima devrait augmenter consid\u00e9rablement en 2025"},"content":{"rendered":"\n<p>L&rsquo;industrie l\u00e9gale du cannabis dans la r\u00e9gion d&rsquo;Al Hoceima a connu un d\u00e9veloppement remarquable au cours de l&rsquo;ann\u00e9e \u00e9coul\u00e9e, la production ayant augment\u00e9 de 47,57 %, ce qui refl\u00e8te l&rsquo;expansion de cette activit\u00e9 agricole et industrielle dans la r\u00e9gion.  <\/p>\n\n\n\n<p>Selon les donn\u00e9es de la direction r\u00e9gionale de l&rsquo;Agence nationale pour la r\u00e9gulation des activit\u00e9s li\u00e9es au cannabis, la production totale de chanvre indien s\u00e9ch\u00e9 en 2025 a atteint environ 2804 quintaux, contre 1900 quintaux en 2024, alors qu&rsquo;elle n&rsquo;a pas d\u00e9pass\u00e9 60 quintaux en 2023, ann\u00e9e qui marque le d\u00e9but effectif de cette s\u00e9rie.    <\/p>\n\n\n\n<p>Au total, 844 hectares de cannabis l\u00e9gal ont \u00e9t\u00e9 r\u00e9colt\u00e9s l&rsquo;ann\u00e9e derni\u00e8re, 774 hectares pour la vari\u00e9t\u00e9 \u00ab\u00a0municipale\u00a0\u00bb et 70 hectares pour la vari\u00e9t\u00e9 import\u00e9e, au profit de 1 311 agriculteurs r\u00e9partis dans 139 coop\u00e9ratives.   <\/p>\n\n\n\n<p>Depuis l&rsquo;entr\u00e9e en vigueur de la loi 13.21 sur les utilisations l\u00e9gitimes du cannabis dans les domaines m\u00e9dical et industriel, l&rsquo;ANRA a pris des mesures concr\u00e8tes pour \u00e9largir la base des personnes impliqu\u00e9es dans ce projet \u00e0 Al Hoceima. L&rsquo;ann\u00e9e derni\u00e8re, plus de 90 r\u00e9unions ont \u00e9t\u00e9 organis\u00e9es, plus de 1 400 agriculteurs ont \u00e9t\u00e9 accompagn\u00e9s et un total de 1 504 licences ont \u00e9t\u00e9 accord\u00e9es \u00e0 1 462 agriculteurs.     <\/p>\n\n\n\n<p>Cette implication accrue s&rsquo;est traduite par une nette extension des surfaces cultiv\u00e9es, qui ont atteint 1387 hectares, r\u00e9partis entre 1289 hectares de vari\u00e9t\u00e9 locale \u00ab\u00a0municipale\u00a0\u00bb et 98 hectares de vari\u00e9t\u00e9 import\u00e9e, avec la participation de 1462 agriculteurs au sein de 150 coop\u00e9ratives.   <\/p>\n\n\n\n<p>Dans ce contexte, Mohamed El Khayati, pr\u00e9sident de la coop\u00e9rative de production Ahl El Dahsi \u00e0 Beni Jameel Mastassa, a d\u00e9clar\u00e9 que les r\u00e9sultats obtenus au cours de la derni\u00e8re saison \u00e9taient positifs, soulignant que l&rsquo;encadrement et le soutien fournis par la direction r\u00e9gionale de l&rsquo;Agence ont contribu\u00e9 \u00e0 surmonter les contraintes de terrain et de commercialisation.    <\/p>\n\n\n\n<p>Dans une d\u00e9claration \u00e0 la MAP, il a indiqu\u00e9 que les indicateurs actuels sugg\u00e8rent que la production de la saison en cours sera record, surtout apr\u00e8s la finalisation de la culture des graines \u00ab\u00a0baladiya\u00a0\u00bb, qui sont de plus en plus demand\u00e9es sur les march\u00e9s internationaux en raison de l&rsquo;utilisation de leurs d\u00e9riv\u00e9s en m\u00e9decine et en cosm\u00e9tologie, s&rsquo;attendant \u00e0 ce que cette dynamique se r\u00e9percute sur les revenus des agriculteurs et leur situation \u00e9conomique.     <\/p>\n\n\n\n<p>Khayati a soulign\u00e9 que la production de chanvre indien dans les champs est r\u00e9alis\u00e9e selon des normes sanitaires et techniques strictes, y compris l&rsquo;analyse du sol pour d\u00e9terminer la qualit\u00e9 et la quantit\u00e9 d&rsquo;engrais naturel, en se concentrant sur la culture de la vari\u00e9t\u00e9 \u00ab\u00a0municipale\u00a0\u00bb, en suivant la croissance des graines et en s&rsquo;assurant qu&rsquo;elles sont exemptes de substances nocives, ainsi qu&rsquo;en suivant le processus de la plantation \u00e0 la r\u00e9colte, au s\u00e9chage et au stockage, avec un contr\u00f4le continu par le personnel de l&rsquo;Agence.     <\/p>\n\n\n\n<p>Mohamed Harfi, pr\u00e9sident de la coop\u00e9rative Khirat Sunhaja \u00e0 Tarjiste, a salu\u00e9 les efforts d\u00e9ploy\u00e9s pour offrir des conditions de travail favorables aux agriculteurs, expliquant que la coop\u00e9rative a \u00e9t\u00e9 cr\u00e9\u00e9e il y a trois ans et travaille aux c\u00f4t\u00e9s de dix coop\u00e9ratives de production et cultive 50 hectares dans les vari\u00e9t\u00e9s \u00ab\u00a0Baladi\u00a0\u00bb et \u00ab\u00a0Roumieh\u00a0\u00bb.     <\/p>\n\n\n\n<p>La coop\u00e9rative a r\u00e9alis\u00e9 des progr\u00e8s significatifs, a-t-il d\u00e9clar\u00e9, qui ont abouti \u00e0 la construction d&rsquo;une unit\u00e9 de traitement \u00e0 Beni Boufrah, avec le soutien de la Fondation Mohammed V pour la solidarit\u00e9 et de l&rsquo;Agence nationale pour la l\u00e9galisation des activit\u00e9s li\u00e9es au cannabis.  <\/p>\n\n\n\n<p>La cr\u00e9ation de cette unit\u00e9 s&rsquo;inscrit dans le cadre de la mise en \u0153uvre de la loi 21-13 relative \u00e0 l&rsquo;usage l\u00e9gal du cannabis, ainsi que dans le contexte du renforcement de l&rsquo;offre industrielle dans la r\u00e9gion et de l&rsquo;encouragement des investissements locaux, contribuant ainsi \u00e0 la cr\u00e9ation d&#8217;emplois et au d\u00e9veloppement d&rsquo;une cha\u00eene de production de qualit\u00e9 et \u00e0 valeur ajout\u00e9e qui soutient l&rsquo;\u00e9conomie locale dans le cadre d&rsquo;une industrie responsable et organis\u00e9e.    <\/p>\n\n\n\n<p>Avec le d\u00e9but de la quatri\u00e8me saison de cannabis l\u00e9gal, les agriculteurs et les propri\u00e9taires d&rsquo;unit\u00e9s de transformation misent sur la poursuite de cette dynamique, afin de consolider la contribution de cette fili\u00e8re au d\u00e9veloppement local et de s&rsquo;ouvrir davantage aux march\u00e9s nationaux et internationaux gr\u00e2ce \u00e0 des produits r\u00e9pondant aux normes de qualit\u00e9 et apportant une plus grande valeur \u00e9conomique.   <\/p>\n","protected":false},"excerpt":{"rendered":"<p>L&rsquo;industrie l\u00e9gale du cannabis dans la r\u00e9gion d&rsquo;Al Hoceima a connu un d\u00e9veloppement remarquable au cours de l&rsquo;ann\u00e9e \u00e9coul\u00e9e, la production ayant augment\u00e9 de 47,57 %, ce qui refl\u00e8te l&rsquo;expansion de cette activit\u00e9 agricole et industrielle dans la r\u00e9gion. Selon les donn\u00e9es de la direction r\u00e9gionale de l&rsquo;Agence nationale pour la r\u00e9gulation des activit\u00e9s li\u00e9es &hellip;<\/p>\n","protected":false},"author":2,"featured_media":11621,"comment_status":"open","ping_status":"open","sticky":false,"template":"","format":"standard","meta":{"footnotes":""},"categories":[49],"tags":[],"class_list":["post-11623","post","type-post","status-publish","format-standard","has-post-thumbnail","hentry","category-economie-et-affaires"],"_links":{"self":[{"href":"https:\/\/m24press.com\/fr\/wp-json\/wp\/v2\/posts\/11623","targetHints":{"allow":["GET"]}}],"collection":[{"href":"https:\/\/m24press.com\/fr\/wp-json\/wp\/v2\/posts"}],"about":[{"href":"https:\/\/m24press.com\/fr\/wp-json\/wp\/v2\/types\/post"}],"author":[{"embeddable":true,"href":"https:\/\/m24press.com\/fr\/wp-json\/wp\/v2\/users\/2"}],"replies":[{"embeddable":true,"href":"https:\/\/m24press.com\/fr\/wp-json\/wp\/v2\/comments?post=11623"}],"version-history":[{"count":0,"href":"https:\/\/m24press.com\/fr\/wp-json\/wp\/v2\/posts\/11623\/revisions"}],"wp:featuredmedia":[{"embeddable":true,"href":"https:\/\/m24press.com\/fr\/wp-json\/wp\/v2\/media\/11621"}],"wp:attachment":[{"href":"https:\/\/m24press.com\/fr\/wp-json\/wp\/v2\/media?parent=11623"}],"wp:term":[{"taxonomy":"category","embeddable":true,"href":"https:\/\/m24press.com\/fr\/wp-json\/wp\/v2\/categories?post=11623"},{"taxonomy":"post_tag","embeddable":true,"href":"https:\/\/m24press.com\/fr\/wp-json\/wp\/v2\/tags?post=11623"}],"curies":[{"name":"wp","href":"https:\/\/api.w.org\/{rel}","templated":true}]}}