{"id":11632,"date":"2026-04-28T12:24:49","date_gmt":"2026-04-28T09:24:49","guid":{"rendered":"https:\/\/m24press.com\/la-petite-amie-de-jermaine-jackson-fait-tourner-les-tetes-dans-un-caftan-marocain-lors-de-la-premiere-de-michael\/"},"modified":"2026-04-28T12:24:49","modified_gmt":"2026-04-28T09:24:49","slug":"la-petite-amie-de-jermaine-jackson-fait-tourner-les-tetes-dans-un-caftan-marocain-lors-de-la-premiere-de-michael","status":"publish","type":"post","link":"https:\/\/m24press.com\/fr\/la-petite-amie-de-jermaine-jackson-fait-tourner-les-tetes-dans-un-caftan-marocain-lors-de-la-premiere-de-michael\/","title":{"rendered":"La petite amie de Jermaine Jackson fait tourner les t\u00eates dans un caftan marocain lors de la premi\u00e8re de \u00ab\u00a0Michael\u00a0\u00bb."},"content":{"rendered":"\n<p>Maddie Velasquez, la petite amie de Jermaine Jackson, a fait tourner les t\u00eates lors de la premi\u00e8re du biopic \u00ab\u00a0Michael\u00a0\u00bb, qui a eu lieu lundi soir (20 avril 2026) au Dolby Theatre de Los Angeles, lorsqu&rsquo;elle a choisi de fouler le tapis rouge dans un \u00e9l\u00e9gant caftan marocain.    <\/p>\n\n\n\n<p>Plusieurs membres de la famille Jackson \u00e9taient pr\u00e9sents, dont Jermaine Jackson, venu soutenir son fils Jafar, qui incarne son oncle Michael Jackson dans ce film tr\u00e8s attendu.  <\/p>\n\n\n\n<p>Aux c\u00f4t\u00e9s de Jermaine, Maddie Velasquez est apparue dans un look distinctif qui a suscit\u00e9 un grand int\u00e9r\u00eat, notamment sur les r\u00e9seaux sociaux au Maroc, en raison de son choix d&rsquo;un kaftan marocain sign\u00e9 par le c\u00e9l\u00e8bre styliste de T\u00e9touan, Romeo.    <\/p>\n\n\n\n<p>Le cr\u00e9ateur marocain a post\u00e9 une vid\u00e9o de Mme Velasquez marchant sur le tapis rouge dans ce kaftan tr\u00e8s tendance, orn\u00e9 de broderies sophistiqu\u00e9es et de pierres, ce qui lui conf\u00e8re un aspect luxueux.  <\/p>\n\n\n\n<p>Ce n&rsquo;est pas la premi\u00e8re fois qu&rsquo;un membre de la famille Jackson est associ\u00e9 \u00e0 une cr\u00e9ation de mode marocaine. Latoya Jackson, la s\u0153ur de la d\u00e9funte pop star, \u00e9tait d\u00e9j\u00e0 apparue \u00e0 Cannes en 2018 dans une longue robe en cuir noir con\u00e7ue par la styliste marocaine Salima Boussouni, un look qui avait fait couler beaucoup d&rsquo;encre \u00e0 l&rsquo;\u00e9poque.    <\/p>\n","protected":false},"excerpt":{"rendered":"<p>Maddie Velasquez, la petite amie de Jermaine Jackson, a fait tourner les t\u00eates lors de la premi\u00e8re du biopic \u00ab\u00a0Michael\u00a0\u00bb, qui a eu lieu lundi soir (20 avril 2026) au Dolby Theatre de Los Angeles, lorsqu&rsquo;elle a choisi de fouler le tapis rouge dans un \u00e9l\u00e9gant caftan marocain. Plusieurs membres de la famille Jackson \u00e9taient &hellip;<\/p>\n","protected":false},"author":2,"featured_media":11630,"comment_status":"open","ping_status":"open","sticky":false,"template":"","format":"standard","meta":{"footnotes":""},"categories":[47],"tags":[],"class_list":["post-11632","post","type-post","status-publish","format-standard","has-post-thumbnail","hentry","category-culture-et-societe"],"_links":{"self":[{"href":"https:\/\/m24press.com\/fr\/wp-json\/wp\/v2\/posts\/11632","targetHints":{"allow":["GET"]}}],"collection":[{"href":"https:\/\/m24press.com\/fr\/wp-json\/wp\/v2\/posts"}],"about":[{"href":"https:\/\/m24press.com\/fr\/wp-json\/wp\/v2\/types\/post"}],"author":[{"embeddable":true,"href":"https:\/\/m24press.com\/fr\/wp-json\/wp\/v2\/users\/2"}],"replies":[{"embeddable":true,"href":"https:\/\/m24press.com\/fr\/wp-json\/wp\/v2\/comments?post=11632"}],"version-history":[{"count":0,"href":"https:\/\/m24press.com\/fr\/wp-json\/wp\/v2\/posts\/11632\/revisions"}],"wp:featuredmedia":[{"embeddable":true,"href":"https:\/\/m24press.com\/fr\/wp-json\/wp\/v2\/media\/11630"}],"wp:attachment":[{"href":"https:\/\/m24press.com\/fr\/wp-json\/wp\/v2\/media?parent=11632"}],"wp:term":[{"taxonomy":"category","embeddable":true,"href":"https:\/\/m24press.com\/fr\/wp-json\/wp\/v2\/categories?post=11632"},{"taxonomy":"post_tag","embeddable":true,"href":"https:\/\/m24press.com\/fr\/wp-json\/wp\/v2\/tags?post=11632"}],"curies":[{"name":"wp","href":"https:\/\/api.w.org\/{rel}","templated":true}]}}