{"id":11664,"date":"2026-04-29T10:32:00","date_gmt":"2026-04-29T07:32:00","guid":{"rendered":"https:\/\/m24press.com\/des-entretiens-maroco-azerbaidjanais-pour-renforcer-la-cooperation-judiciaire-et-moderniser-la-justice\/"},"modified":"2026-04-29T10:32:00","modified_gmt":"2026-04-29T07:32:00","slug":"des-entretiens-maroco-azerbaidjanais-pour-renforcer-la-cooperation-judiciaire-et-moderniser-la-justice","status":"publish","type":"post","link":"https:\/\/m24press.com\/fr\/des-entretiens-maroco-azerbaidjanais-pour-renforcer-la-cooperation-judiciaire-et-moderniser-la-justice\/","title":{"rendered":"Des entretiens maroco-azerba\u00efdjanais pour renforcer la coop\u00e9ration judiciaire et moderniser la justice"},"content":{"rendered":"\n<p>Le ministre de la Justice, Abdellatif Wehbi, a re\u00e7u, mardi 28 avril \u00e0 Rabat, le procureur g\u00e9n\u00e9ral de la R\u00e9publique d&rsquo;Azerba\u00efdjan, Kamran Aliyev, qui effectue une visite officielle au Maroc \u00e0 la t\u00eate d&rsquo;une d\u00e9l\u00e9gation de haut niveau, dans le cadre de la dynamique de la coop\u00e9ration internationale dans le domaine judiciaire.    <\/p>\n\n\n\n<p>Selon le minist\u00e8re de la justice, cette rencontre refl\u00e8te la volont\u00e9 commune des deux pays d&rsquo;\u00e9largir les horizons de la coop\u00e9ration bilat\u00e9rale, notamment en ce qui concerne la modernisation des syst\u00e8mes judiciaires et l&rsquo;am\u00e9lioration de leur efficacit\u00e9, compte tenu de l&rsquo;\u00e9volution rapide des formes de criminalit\u00e9 et du caract\u00e8re de plus en plus transnational d&rsquo;un certain nombre d&rsquo;affaires.    <\/p>\n\n\n\n<p>La d\u00e9l\u00e9gation marocaine a fait une pr\u00e9sentation sur le processus de r\u00e9forme du syst\u00e8me judiciaire, en mettant l&rsquo;accent sur la num\u00e9risation des services, la simplification des proc\u00e9dures, l&rsquo;am\u00e9lioration de la qualit\u00e9 de la performance judiciaire, ainsi que la promotion de la formation continue pour les diff\u00e9rents acteurs du secteur.     <\/p>\n\n\n\n<p>Selon la m\u00eame source, les deux parties ont \u00e9galement discut\u00e9 des moyens de d\u00e9velopper la coop\u00e9ration dans le domaine de la justice p\u00e9nale, de renforcer la coordination dans la lutte contre la criminalit\u00e9 organis\u00e9e, de soutenir les m\u00e9canismes d&rsquo;assistance judiciaire internationale et d&rsquo;\u00e9changer des informations et de l&rsquo;expertise afin de renforcer la s\u00e9curit\u00e9 juridique et judiciaire aux niveaux r\u00e9gional et international.     <\/p>\n\n\n\n<p>Dans ce contexte, Abdellatif Wehbi a soulign\u00e9 que \u00ab\u00a0la coop\u00e9ration judiciaire n&rsquo;est plus une option secondaire, mais une n\u00e9cessit\u00e9 impos\u00e9e par la nature des d\u00e9fis actuels. L&rsquo;ouverture du Royaume du Maroc sur les exp\u00e9riences de ses partenaires, y compris la R\u00e9publique d&rsquo;Azerba\u00efdjan, traduit une ferme conviction de l&rsquo;importance de l&rsquo;action commune pour d\u00e9velopper la justice et renforcer son efficacit\u00e9, afin de servir les int\u00e9r\u00eats des citoyens et de consolider la confiance dans les institutions\u00a0\u00bb.     <\/p>\n\n\n\n<p>Pour sa part, le Procureur g\u00e9n\u00e9ral azerba\u00efdjanais Kamran Aliyev a soulign\u00e9 l&rsquo;importance de cette visite, estimant que \u00ab\u00a0le dialogue avec le Royaume du Maroc ouvre des perspectives prometteuses pour l&rsquo;\u00e9change d&rsquo;exp\u00e9riences et le d\u00e9veloppement de m\u00e9canismes de coop\u00e9ration judiciaire\u00a0\u00bb, ajoutant que cette \u00e9tape repr\u00e9sente un pas concret vers la construction d&rsquo;un partenariat durable bas\u00e9 sur l&rsquo;\u00e9change de connaissances et d&rsquo;exp\u00e9riences face \u00e0 des d\u00e9fis communs.   <\/p>\n\n\n\n<p>La r\u00e9union s&rsquo;est d\u00e9roul\u00e9e dans une atmosph\u00e8re positive qui a refl\u00e9t\u00e9 une convergence de vues et une volont\u00e9 mutuelle d&rsquo;\u00e9tablir un partenariat institutionnel solide qui contribuerait au d\u00e9veloppement de la performance judiciaire et \u00e0 la promotion des principes de l&rsquo;\u00c9tat de droit, tout en ouvrant la voie \u00e0 une coop\u00e9ration plus r\u00e9guli\u00e8re et plus efficace \u00e0 l&rsquo;avenir, note le communiqu\u00e9.   <\/p>\n","protected":false},"excerpt":{"rendered":"<p>Le ministre de la Justice, Abdellatif Wehbi, a re\u00e7u, mardi 28 avril \u00e0 Rabat, le procureur g\u00e9n\u00e9ral de la R\u00e9publique d&rsquo;Azerba\u00efdjan, Kamran Aliyev, qui effectue une visite officielle au Maroc \u00e0 la t\u00eate d&rsquo;une d\u00e9l\u00e9gation de haut niveau, dans le cadre de la dynamique de la coop\u00e9ration internationale dans le domaine judiciaire. Selon le minist\u00e8re &hellip;<\/p>\n","protected":false},"author":2,"featured_media":11662,"comment_status":"open","ping_status":"open","sticky":false,"template":"","format":"standard","meta":{"footnotes":""},"categories":[50],"tags":[],"class_list":["post-11664","post","type-post","status-publish","format-standard","has-post-thumbnail","hentry","category-actualites-politiques"],"_links":{"self":[{"href":"https:\/\/m24press.com\/fr\/wp-json\/wp\/v2\/posts\/11664","targetHints":{"allow":["GET"]}}],"collection":[{"href":"https:\/\/m24press.com\/fr\/wp-json\/wp\/v2\/posts"}],"about":[{"href":"https:\/\/m24press.com\/fr\/wp-json\/wp\/v2\/types\/post"}],"author":[{"embeddable":true,"href":"https:\/\/m24press.com\/fr\/wp-json\/wp\/v2\/users\/2"}],"replies":[{"embeddable":true,"href":"https:\/\/m24press.com\/fr\/wp-json\/wp\/v2\/comments?post=11664"}],"version-history":[{"count":0,"href":"https:\/\/m24press.com\/fr\/wp-json\/wp\/v2\/posts\/11664\/revisions"}],"wp:featuredmedia":[{"embeddable":true,"href":"https:\/\/m24press.com\/fr\/wp-json\/wp\/v2\/media\/11662"}],"wp:attachment":[{"href":"https:\/\/m24press.com\/fr\/wp-json\/wp\/v2\/media?parent=11664"}],"wp:term":[{"taxonomy":"category","embeddable":true,"href":"https:\/\/m24press.com\/fr\/wp-json\/wp\/v2\/categories?post=11664"},{"taxonomy":"post_tag","embeddable":true,"href":"https:\/\/m24press.com\/fr\/wp-json\/wp\/v2\/tags?post=11664"}],"curies":[{"name":"wp","href":"https:\/\/api.w.org\/{rel}","templated":true}]}}