{"id":11684,"date":"2026-04-29T14:50:34","date_gmt":"2026-04-29T11:50:34","guid":{"rendered":"https:\/\/m24press.com\/le-whale-maul-de-marrakech-condamne-a-cinq-ans-dinterdiction-de-publication\/"},"modified":"2026-04-29T14:50:34","modified_gmt":"2026-04-29T11:50:34","slug":"le-whale-maul-de-marrakech-condamne-a-cinq-ans-dinterdiction-de-publication","status":"publish","type":"post","link":"https:\/\/m24press.com\/fr\/le-whale-maul-de-marrakech-condamne-a-cinq-ans-dinterdiction-de-publication\/","title":{"rendered":"Le \u00ab\u00a0Whale Maul\u00a0\u00bb de Marrakech condamn\u00e9 \u00e0 cinq ans d&rsquo;interdiction de publication"},"content":{"rendered":"\n<p>Mardi soir, le tribunal de premi\u00e8re instance de Marrakech a rendu son verdict dans l&rsquo;affaire Abdelilah Al-Hajout, connu sur les plateformes de m\u00e9dias sociaux sous le nom de \u00ab\u00a0Abdelilah Mol Al-Hot\u00a0\u00bb, apr\u00e8s qu&rsquo;il ait \u00e9t\u00e9 poursuivi dans une affaire li\u00e9e \u00e0 la publication num\u00e9rique et \u00e0 des contenus qualifi\u00e9s d&rsquo;offensants.    <\/p>\n\n\n\n<p>Le tribunal l&rsquo;a condamn\u00e9 \u00e0 cinq mois de prison avec sursis et lui a interdit de publier des informations sur les m\u00e9dias sociaux pendant cinq ans. <\/p>\n\n\n\n<h2 class=\"wp-block-heading\">Accusations port\u00e9es contre Abdelilah Al Hajout<\/h2>\n\n\n\n<p>Abdelilah El Hadjout \u00e9tait poursuivi en garde \u00e0 vue, suite \u00e0 des plaintes d\u00e9pos\u00e9es contre lui par un ancien gendarme et un professeur d&rsquo;universit\u00e9. <\/p>\n\n\n\n<p>Le suivi comprenait plusieurs chefs d&rsquo;accusation, notamment : <\/p>\n\n\n\n<ul class=\"wp-block-list\">\n<li>Incitation \u00e0 la haine.<\/li>\n\n\n\n<li>Diffamation.<\/li>\n\n\n\n<li>Diffusion de fausses nouvelles.<\/li>\n\n\n\n<li>Publier des photos sans l&rsquo;accord des propri\u00e9taires.<\/li>\n<\/ul>\n\n\n\n<p>Les poursuites font suite \u00e0 des messages sur les r\u00e9seaux sociaux attribu\u00e9s aux accus\u00e9s, que les plaignants consid\u00e8rent comme offensants et portant atteinte \u00e0 leur r\u00e9putation. <\/p>\n\n\n\n<h2 class=\"wp-block-heading\">Amendes et dommages-int\u00e9r\u00eats<\/h2>\n\n\n\n<p>En plus de la peine de prison avec sursis et de l&rsquo;interdiction de publication, le tribunal a condamn\u00e9 Abdelilah Al Hajout \u00e0 une amende de 1 500 dirhams. <\/p>\n\n\n\n<p>Le tribunal l&rsquo;a \u00e9galement condamn\u00e9 \u00e0 verser des dommages-int\u00e9r\u00eats en faveur des parties plaignantes, qui ont \u00e9t\u00e9 fix\u00e9s \u00e0 <\/p>\n\n\n\n<ul class=\"wp-block-list\">\n<li>40 000 dirhams pour un professeur d&rsquo;universit\u00e9.<\/li>\n\n\n\n<li>30 000 dirhams en faveur de l&rsquo;ancien gendarme.<\/li>\n<\/ul>\n\n\n\n<p>Le tribunal a \u00e9galement d\u00e9cid\u00e9 d&rsquo;imposer une amende mena\u00e7ante de 200 AED pour chaque jour de retard dans la mise en \u0153uvre du paiement des dommages-int\u00e9r\u00eats accord\u00e9s.<\/p>\n\n\n\n<p>Ce jugement intervient dans un contexte d&rsquo;augmentation des affaires judiciaires li\u00e9es \u00e0 l&rsquo;utilisation des r\u00e9seaux de m\u00e9dias sociaux, en particulier dans les cas de diffamation, de publication de donn\u00e9es personnelles ou de diffusion de contenus pouvant \u00eatre consid\u00e9r\u00e9s comme incendiaires ou trompeurs.   <\/p>\n","protected":false},"excerpt":{"rendered":"<p>Mardi soir, le tribunal de premi\u00e8re instance de Marrakech a rendu son verdict dans l&rsquo;affaire Abdelilah Al-Hajout, connu sur les plateformes de m\u00e9dias sociaux sous le nom de \u00ab\u00a0Abdelilah Mol Al-Hot\u00a0\u00bb, apr\u00e8s qu&rsquo;il ait \u00e9t\u00e9 poursuivi dans une affaire li\u00e9e \u00e0 la publication num\u00e9rique et \u00e0 des contenus qualifi\u00e9s d&rsquo;offensants. Le tribunal l&rsquo;a condamn\u00e9 \u00e0 &hellip;<\/p>\n","protected":false},"author":2,"featured_media":11682,"comment_status":"open","ping_status":"open","sticky":false,"template":"","format":"standard","meta":{"footnotes":""},"categories":[47],"tags":[],"class_list":["post-11684","post","type-post","status-publish","format-standard","has-post-thumbnail","hentry","category-culture-et-societe"],"_links":{"self":[{"href":"https:\/\/m24press.com\/fr\/wp-json\/wp\/v2\/posts\/11684","targetHints":{"allow":["GET"]}}],"collection":[{"href":"https:\/\/m24press.com\/fr\/wp-json\/wp\/v2\/posts"}],"about":[{"href":"https:\/\/m24press.com\/fr\/wp-json\/wp\/v2\/types\/post"}],"author":[{"embeddable":true,"href":"https:\/\/m24press.com\/fr\/wp-json\/wp\/v2\/users\/2"}],"replies":[{"embeddable":true,"href":"https:\/\/m24press.com\/fr\/wp-json\/wp\/v2\/comments?post=11684"}],"version-history":[{"count":0,"href":"https:\/\/m24press.com\/fr\/wp-json\/wp\/v2\/posts\/11684\/revisions"}],"wp:featuredmedia":[{"embeddable":true,"href":"https:\/\/m24press.com\/fr\/wp-json\/wp\/v2\/media\/11682"}],"wp:attachment":[{"href":"https:\/\/m24press.com\/fr\/wp-json\/wp\/v2\/media?parent=11684"}],"wp:term":[{"taxonomy":"category","embeddable":true,"href":"https:\/\/m24press.com\/fr\/wp-json\/wp\/v2\/categories?post=11684"},{"taxonomy":"post_tag","embeddable":true,"href":"https:\/\/m24press.com\/fr\/wp-json\/wp\/v2\/tags?post=11684"}],"curies":[{"name":"wp","href":"https:\/\/api.w.org\/{rel}","templated":true}]}}