{"id":11697,"date":"2026-04-30T09:45:34","date_gmt":"2026-04-30T06:45:34","guid":{"rendered":"https:\/\/m24press.com\/trump-exhorte-liran-a-faire-preuve-de-retenue-et-a-accelerer-la-mise-en-oeuvre-de-laccord\/"},"modified":"2026-04-30T09:45:34","modified_gmt":"2026-04-30T06:45:34","slug":"trump-exhorte-liran-a-faire-preuve-de-retenue-et-a-accelerer-la-mise-en-oeuvre-de-laccord","status":"publish","type":"post","link":"https:\/\/m24press.com\/fr\/trump-exhorte-liran-a-faire-preuve-de-retenue-et-a-accelerer-la-mise-en-oeuvre-de-laccord\/","title":{"rendered":"Trump exhorte l&rsquo;Iran \u00e0 faire preuve de retenue et \u00e0 acc\u00e9l\u00e9rer la mise en \u0153uvre de l&rsquo;accord"},"content":{"rendered":"\n<p>Le pr\u00e9sident am\u00e9ricain Donald Trump a appel\u00e9 mercredi 29 avril l&rsquo;Iran \u00e0 agir avec prudence et \u00e0 \u00ab\u00a0acc\u00e9l\u00e9rer\u00a0\u00bb la conclusion d&rsquo;un accord pour mettre fin \u00e0 la guerre une fois pour toutes, alors que les d\u00e9marches diplomatiques continuent de s&rsquo;essouffler et que les n\u00e9gociations ne progressent gu\u00e8re.   <\/p>\n\n\n\n<p>Parall\u00e8lement, un haut fonctionnaire du minist\u00e8re am\u00e9ricain de la d\u00e9fense a r\u00e9v\u00e9l\u00e9 que la guerre contre l&rsquo;Iran, qui dure depuis le 28 f\u00e9vrier, a co\u00fbt\u00e9 aux \u00c9tats-Unis environ 25 milliards de dollars, ce qui refl\u00e8te l&rsquo;ampleur des charges financi\u00e8res support\u00e9es par Washington depuis le d\u00e9but des op\u00e9rations.    <\/p>\n\n\n\n<p>Selon un responsable de la Maison Blanche, M. Trump a discut\u00e9 avec des repr\u00e9sentants de l&rsquo;industrie p\u00e9troli\u00e8re de la possibilit\u00e9 que le blocus des ports iraniens se poursuive pendant \u00ab\u00a0des mois\u00a0\u00bb, l&rsquo;administration cherchant \u00e0 accro\u00eetre la pression sur T\u00e9h\u00e9ran et \u00e0 le pousser \u00e0 conclure rapidement un accord qui mettrait un terme d\u00e9finitif \u00e0 la guerre. <\/p>\n","protected":false},"excerpt":{"rendered":"<p>Le pr\u00e9sident am\u00e9ricain Donald Trump a appel\u00e9 mercredi 29 avril l&rsquo;Iran \u00e0 agir avec prudence et \u00e0 \u00ab\u00a0acc\u00e9l\u00e9rer\u00a0\u00bb la conclusion d&rsquo;un accord pour mettre fin \u00e0 la guerre une fois pour toutes, alors que les d\u00e9marches diplomatiques continuent de s&rsquo;essouffler et que les n\u00e9gociations ne progressent gu\u00e8re. Parall\u00e8lement, un haut fonctionnaire du minist\u00e8re am\u00e9ricain de &hellip;<\/p>\n","protected":false},"author":2,"featured_media":11695,"comment_status":"open","ping_status":"open","sticky":false,"template":"","format":"standard","meta":{"footnotes":""},"categories":[52],"tags":[],"class_list":["post-11697","post","type-post","status-publish","format-standard","has-post-thumbnail","hentry","category-actualites-internationales"],"_links":{"self":[{"href":"https:\/\/m24press.com\/fr\/wp-json\/wp\/v2\/posts\/11697","targetHints":{"allow":["GET"]}}],"collection":[{"href":"https:\/\/m24press.com\/fr\/wp-json\/wp\/v2\/posts"}],"about":[{"href":"https:\/\/m24press.com\/fr\/wp-json\/wp\/v2\/types\/post"}],"author":[{"embeddable":true,"href":"https:\/\/m24press.com\/fr\/wp-json\/wp\/v2\/users\/2"}],"replies":[{"embeddable":true,"href":"https:\/\/m24press.com\/fr\/wp-json\/wp\/v2\/comments?post=11697"}],"version-history":[{"count":0,"href":"https:\/\/m24press.com\/fr\/wp-json\/wp\/v2\/posts\/11697\/revisions"}],"wp:featuredmedia":[{"embeddable":true,"href":"https:\/\/m24press.com\/fr\/wp-json\/wp\/v2\/media\/11695"}],"wp:attachment":[{"href":"https:\/\/m24press.com\/fr\/wp-json\/wp\/v2\/media?parent=11697"}],"wp:term":[{"taxonomy":"category","embeddable":true,"href":"https:\/\/m24press.com\/fr\/wp-json\/wp\/v2\/categories?post=11697"},{"taxonomy":"post_tag","embeddable":true,"href":"https:\/\/m24press.com\/fr\/wp-json\/wp\/v2\/tags?post=11697"}],"curies":[{"name":"wp","href":"https:\/\/api.w.org\/{rel}","templated":true}]}}