{"id":11712,"date":"2026-04-30T12:06:51","date_gmt":"2026-04-30T09:06:51","guid":{"rendered":"https:\/\/m24press.com\/un-coup-dur-pour-paris-hakimi-menace-dabsence-contre-le-bayern-munich\/"},"modified":"2026-04-30T12:06:51","modified_gmt":"2026-04-30T09:06:51","slug":"un-coup-dur-pour-paris-hakimi-menace-dabsence-contre-le-bayern-munich","status":"publish","type":"post","link":"https:\/\/m24press.com\/fr\/un-coup-dur-pour-paris-hakimi-menace-dabsence-contre-le-bayern-munich\/","title":{"rendered":"Un coup dur pour Paris. Hakimi menac\u00e9 d&rsquo;absence contre le Bayern Munich"},"content":{"rendered":"\n<p>La participation de l&rsquo;international marocain Achraf Hakimi du Paris Saint-Germain (PSG) au match retour de la Ligue des champions contre le Bayern Munich la semaine prochaine est de plus en plus incertaine.    <\/p>\n\n\n\n<p>Selon les m\u00e9dias, la possibilit\u00e9 de l&rsquo;absence de Hakimi est li\u00e9e \u00e0 des facteurs physiques, mais le club parisien n&rsquo;a pas donn\u00e9 d&rsquo;\u00e9claircissements officiels d\u00e9finitifs sur la nature de son \u00e9tat ou la dur\u00e9e potentielle de son absence. <\/p>\n\n\n\n<p>Le staff m\u00e9dical du PSG devrait prendre une d\u00e9cision sur la situation du joueur dans les prochains jours, apr\u00e8s avoir effectu\u00e9 des tests suppl\u00e9mentaires et suivi ses progr\u00e8s lors des prochaines s\u00e9ances d&rsquo;entra\u00eenement. <\/p>\n\n\n\n<p>Hakimi est l&rsquo;un des \u00e9l\u00e9ments les plus importants de l&rsquo;\u00e9quipe de France cette saison, compte tenu de ses r\u00f4les importants en d\u00e9fense et en attaque, et de sa capacit\u00e9 \u00e0 donner de l&rsquo;\u00e9quilibre au coin droit, ce qui fait de son absence potentielle un coup dur pour les options de l&rsquo;entra\u00eeneur dans un match fort contre le Bayern Munich.   <\/p>\n\n\n\n<p>Les fans du PSG, ainsi que les fans marocains, attendent une mise \u00e0 jour sur la sant\u00e9 de la star marocaine, attendant de voir s&rsquo;il sera pr\u00eat \u00e0 participer \u00e0 ce sommet europ\u00e9en crucial.   <\/p>\n","protected":false},"excerpt":{"rendered":"<p>La participation de l&rsquo;international marocain Achraf Hakimi du Paris Saint-Germain (PSG) au match retour de la Ligue des champions contre le Bayern Munich la semaine prochaine est de plus en plus incertaine. Selon les m\u00e9dias, la possibilit\u00e9 de l&rsquo;absence de Hakimi est li\u00e9e \u00e0 des facteurs physiques, mais le club parisien n&rsquo;a pas donn\u00e9 d&rsquo;\u00e9claircissements &hellip;<\/p>\n","protected":false},"author":2,"featured_media":11710,"comment_status":"open","ping_status":"open","sticky":false,"template":"","format":"standard","meta":{"footnotes":""},"categories":[48],"tags":[],"class_list":["post-11712","post","type-post","status-publish","format-standard","has-post-thumbnail","hentry","category-actualites-sportives"],"_links":{"self":[{"href":"https:\/\/m24press.com\/fr\/wp-json\/wp\/v2\/posts\/11712","targetHints":{"allow":["GET"]}}],"collection":[{"href":"https:\/\/m24press.com\/fr\/wp-json\/wp\/v2\/posts"}],"about":[{"href":"https:\/\/m24press.com\/fr\/wp-json\/wp\/v2\/types\/post"}],"author":[{"embeddable":true,"href":"https:\/\/m24press.com\/fr\/wp-json\/wp\/v2\/users\/2"}],"replies":[{"embeddable":true,"href":"https:\/\/m24press.com\/fr\/wp-json\/wp\/v2\/comments?post=11712"}],"version-history":[{"count":0,"href":"https:\/\/m24press.com\/fr\/wp-json\/wp\/v2\/posts\/11712\/revisions"}],"wp:featuredmedia":[{"embeddable":true,"href":"https:\/\/m24press.com\/fr\/wp-json\/wp\/v2\/media\/11710"}],"wp:attachment":[{"href":"https:\/\/m24press.com\/fr\/wp-json\/wp\/v2\/media?parent=11712"}],"wp:term":[{"taxonomy":"category","embeddable":true,"href":"https:\/\/m24press.com\/fr\/wp-json\/wp\/v2\/categories?post=11712"},{"taxonomy":"post_tag","embeddable":true,"href":"https:\/\/m24press.com\/fr\/wp-json\/wp\/v2\/tags?post=11712"}],"curies":[{"name":"wp","href":"https:\/\/api.w.org\/{rel}","templated":true}]}}