{"id":9853,"date":"2026-02-16T16:28:18","date_gmt":"2026-02-16T14:28:18","guid":{"rendered":"https:\/\/m24press.com\/maroc-et-turquie-les-echanges-commerciaux-depassent-pour-la-premiere-fois-les-5-milliards-de-dollars\/"},"modified":"2026-02-16T16:28:18","modified_gmt":"2026-02-16T14:28:18","slug":"maroc-et-turquie-les-echanges-commerciaux-depassent-pour-la-premiere-fois-les-5-milliards-de-dollars","status":"publish","type":"post","link":"https:\/\/m24press.com\/fr\/maroc-et-turquie-les-echanges-commerciaux-depassent-pour-la-premiere-fois-les-5-milliards-de-dollars\/","title":{"rendered":"Maroc et Turquie : Les \u00e9changes commerciaux d\u00e9passent pour la premi\u00e8re fois les 5 milliards de dollars"},"content":{"rendered":"\n<p>Le volume des \u00e9changes commerciaux entre la Turquie et le Maroc en 2025 a atteint un niveau sans pr\u00e9c\u00e9dent, d\u00e9passant pour la premi\u00e8re fois le seuil de 5 milliards de dollars. L&rsquo;ambassadeur du Maroc \u00e0 Ankara, Mohamed Ali Lazrak, a annonc\u00e9 lundi que ce d\u00e9veloppement constitue un jalon dans le parcours du partenariat \u00e9conomique entre les deux pays.     <\/p>\n\n\n\n<p>S&rsquo;adressant \u00e0 l&rsquo;agence Anadolu, le diplomate a fait r\u00e9f\u00e9rence \u00e0 ce qu&rsquo;il a qualifi\u00e9 de \u00ab\u00a0dynamisme \u00e9vident\u00a0\u00bb qui a caract\u00e9ris\u00e9 les relations maroco-turques ces derni\u00e8res ann\u00e9es, notamment en termes de coop\u00e9ration commerciale et \u00e9conomique.   Ajout\u00e9 : \u00ab\u00a0C&rsquo;est la premi\u00e8re fois depuis l&rsquo;entr\u00e9e en vigueur de l&rsquo;ALE que le volume des \u00e9changes d\u00e9passe les 5 milliards de dollars.<\/p>\n\n\n\n<h2 class=\"wp-block-heading\">Chiffres du commerce : Les exportations turques bondissent <\/h2>\n\n\n\n<p>Selon les donn\u00e9es du minist\u00e8re turc du Commerce, les \u00e9changes bilat\u00e9raux ont atteint 4,9 milliards de dollars en 2024. En 2025, les donn\u00e9es du Conseil des exportateurs turcs ont montr\u00e9 que les exportations de la Turquie vers le Maroc ont d\u00e9pass\u00e9 3,9 milliards de dollars. La tendance \u00e0 la hausse s&rsquo;est poursuivie au d\u00e9but de l&rsquo;ann\u00e9e 2026, les exportations turques ayant augment\u00e9 de 18,7 % en janvier par rapport \u00e0 la m\u00eame p\u00e9riode de l&rsquo;ann\u00e9e pr\u00e9c\u00e9dente, pour d\u00e9passer 305 millions de dollars.     <\/p>\n\n\n\n<h2 class=\"wp-block-heading\">D\u00e9s\u00e9quilibre commercial et d\u00e9ficit croissant du Maroc<\/h2>\n\n\n\n<p>Malgr\u00e9 cette croissance, Mohamed Ali Lazrak reconna\u00eet que cette hausse refl\u00e8te, avec la forte demande de produits turcs, un d\u00e9s\u00e9quilibre de la balance commerciale en faveur de la Turquie. En juillet 2025, le d\u00e9ficit commercial du Maroc avec la Turquie avait atteint 10,9 milliards de dirhams, dans le cadre de l&rsquo;accord de libre-\u00e9change sign\u00e9 en 2004 et entr\u00e9 en vigueur en 2006.      <\/p>\n\n\n\n<h2 class=\"wp-block-heading\">R\u00e9union du comit\u00e9 de suivi : Examen de l&rsquo;accord et des mesures correctives <\/h2>\n\n\n\n<p>Pour rem\u00e9dier \u00e0 ce d\u00e9s\u00e9quilibre, Ankara a accueilli l&rsquo;ann\u00e9e derni\u00e8re la sixi\u00e8me session de la commission mixte charg\u00e9e de suivre la mise en \u0153uvre de l&rsquo;accord de libre-\u00e9change Maroc-Turquie (ALE). Ces r\u00e9unions ont permis d&rsquo;\u00e9valuer la mise en \u0153uvre des dispositions de l&rsquo;accord et de suivre les points qui n\u00e9cessitent des amendements ou des mesures pratiques pour r\u00e9duire l&rsquo;\u00e9cart commercial.   <\/p>\n\n\n\n<h2 class=\"wp-block-heading\">Axes d&rsquo;accord : Industrie, agriculture et entreprises conjointes <\/h2>\n\n\n\n<p>Les deux parties ont d\u00e9fini un ensemble d&rsquo;orientations visant \u00e0 renforcer l&rsquo;\u00e9quilibre et \u00e0 d\u00e9velopper la coop\u00e9ration : <\/p>\n\n\n\n<ol class=\"wp-block-list\">\n<li>Renforcer l&rsquo;int\u00e9gration entre les secteurs industriels des deux pays<\/li>\n\n\n\n<li>Simplifier l&rsquo;acc\u00e8s des exportations agricoles marocaines au march\u00e9 turc<\/li>\n\n\n\n<li>Lancer des projets de production conjoints, notamment dans le secteur textile, en vue d&rsquo;exporter vers des march\u00e9s \u00e9trangers. <\/li>\n\n\n\n<li>Organisation d&rsquo;un forum d&rsquo;affaires et d&rsquo;investissement maroco-turc<\/li>\n\n\n\n<li>Augmenter le niveau de coordination directe entre les minist\u00e8res du commerce des deux parties<\/li>\n<\/ol>\n","protected":false},"excerpt":{"rendered":"<p>Le volume des \u00e9changes commerciaux entre la Turquie et le Maroc en 2025 a atteint un niveau sans pr\u00e9c\u00e9dent, d\u00e9passant pour la premi\u00e8re fois le seuil de 5 milliards de dollars. L&rsquo;ambassadeur du Maroc \u00e0 Ankara, Mohamed Ali Lazrak, a annonc\u00e9 lundi que ce d\u00e9veloppement constitue un jalon dans le parcours du partenariat \u00e9conomique entre &hellip;<\/p>\n","protected":false},"author":2,"featured_media":9851,"comment_status":"open","ping_status":"open","sticky":false,"template":"","format":"standard","meta":{"footnotes":""},"categories":[49],"tags":[],"class_list":["post-9853","post","type-post","status-publish","format-standard","has-post-thumbnail","hentry","category-economie-et-affaires"],"_links":{"self":[{"href":"https:\/\/m24press.com\/fr\/wp-json\/wp\/v2\/posts\/9853","targetHints":{"allow":["GET"]}}],"collection":[{"href":"https:\/\/m24press.com\/fr\/wp-json\/wp\/v2\/posts"}],"about":[{"href":"https:\/\/m24press.com\/fr\/wp-json\/wp\/v2\/types\/post"}],"author":[{"embeddable":true,"href":"https:\/\/m24press.com\/fr\/wp-json\/wp\/v2\/users\/2"}],"replies":[{"embeddable":true,"href":"https:\/\/m24press.com\/fr\/wp-json\/wp\/v2\/comments?post=9853"}],"version-history":[{"count":0,"href":"https:\/\/m24press.com\/fr\/wp-json\/wp\/v2\/posts\/9853\/revisions"}],"wp:featuredmedia":[{"embeddable":true,"href":"https:\/\/m24press.com\/fr\/wp-json\/wp\/v2\/media\/9851"}],"wp:attachment":[{"href":"https:\/\/m24press.com\/fr\/wp-json\/wp\/v2\/media?parent=9853"}],"wp:term":[{"taxonomy":"category","embeddable":true,"href":"https:\/\/m24press.com\/fr\/wp-json\/wp\/v2\/categories?post=9853"},{"taxonomy":"post_tag","embeddable":true,"href":"https:\/\/m24press.com\/fr\/wp-json\/wp\/v2\/tags?post=9853"}],"curies":[{"name":"wp","href":"https:\/\/api.w.org\/{rel}","templated":true}]}}