{"id":9867,"date":"2026-02-16T17:11:22","date_gmt":"2026-02-16T15:11:22","guid":{"rendered":"https:\/\/m24press.com\/le-prince-gabriel-de-belgique-participe-a-un-entrainement-militaire-dhiver-au-maroc\/"},"modified":"2026-02-16T17:11:22","modified_gmt":"2026-02-16T15:11:22","slug":"le-prince-gabriel-de-belgique-participe-a-un-entrainement-militaire-dhiver-au-maroc","status":"publish","type":"post","link":"https:\/\/m24press.com\/fr\/le-prince-gabriel-de-belgique-participe-a-un-entrainement-militaire-dhiver-au-maroc\/","title":{"rendered":"Le Prince Gabriel de Belgique participe \u00e0 un entra\u00eenement militaire d&rsquo;hiver au Maroc"},"content":{"rendered":"\n<p>Le Palais royal belge a annonc\u00e9 dimanche que le Prince Gabriel a \u00e9t\u00e9 envoy\u00e9 au Maroc pour participer \u00e0 un camp d&rsquo;entra\u00eenement militaire d&rsquo;hiver. Le stage s&rsquo;est d\u00e9roul\u00e9 dans la ville de Rachidia dans le cadre de la quatri\u00e8me ann\u00e9e du Prince \u00e0 l&rsquo;Acad\u00e9mie Royale Militaire.    <\/p>\n\n\n\n<p>Des photos du prince de 22 ans participant \u00e0 des exercices sur le terrain dans le d\u00e9sert pr\u00e8s de Rachidia ont circul\u00e9 sur les m\u00e9dias sociaux, o\u00f9 on le voit s&rsquo;entra\u00eener en position agenouill\u00e9e sur le terrain d\u00e9sertique.   <\/p>\n\n\n\n<h2 class=\"wp-block-heading\">D\u00e9clarations du Palais Royal<\/h2>\n\n\n\n<p>Le palais a d\u00e9clar\u00e9 : \u00ab\u00a0Le v\u00e9ritable leadership s&rsquo;acquiert en relevant des d\u00e9fis ensemble et en repoussant les limites, m\u00eame dans les circonstances les plus difficiles. Le camp s&rsquo;est d\u00e9roul\u00e9 du 26 janvier au 6 f\u00e9vrier et constituait la derni\u00e8re phase hivernale pour le Prince Gabriel et ses camarades cadets avant de terminer leur formation.    <\/p>\n\n\n\n<h2 class=\"wp-block-heading\">Contenu et objectifs du camp<\/h2>\n\n\n\n<p>Dans une atmosph\u00e8re d\u00e9crite comme \u00ab\u00a0inhospitali\u00e8re mais impressionnante\u00a0\u00bb, les participants ont re\u00e7u une formation pratique : <\/p>\n\n\n\n<ul class=\"wp-block-list\">\n<li>Navigation et orientation en milieu ouvert<\/li>\n\n\n\n<li>Techniques de survie et gestion des situations difficiles<\/li>\n\n\n\n<li>Comp\u00e9tences en mati\u00e8re de leadership sur le terrain et en section<\/li>\n<\/ul>\n\n\n\n<h2 class=\"wp-block-heading\">Des casernes belges au Sahara marocain<\/h2>\n\n\n\n<p>Apr\u00e8s trois ann\u00e9es d&rsquo;entra\u00eenement hivernal dans les casernes belges, les cadets sont pass\u00e9s des for\u00eats au d\u00e9sert marocain. Selon l&rsquo;Acad\u00e9mie militaire royale de Belgique, le Maroc a \u00e9t\u00e9 choisi pour accueillir ce dernier camp afin de simuler un sc\u00e9nario de d\u00e9ploiement strat\u00e9gique \u00e0 grande \u00e9chelle dans un environnement diff\u00e9rent, refl\u00e9tant les d\u00e9fis des op\u00e9rations sur le terrain \u00e0 l&rsquo;\u00e9tranger.    <\/p>\n\n\n\n<p><\/p>\n","protected":false},"excerpt":{"rendered":"<p>Le Palais royal belge a annonc\u00e9 dimanche que le Prince Gabriel a \u00e9t\u00e9 envoy\u00e9 au Maroc pour participer \u00e0 un camp d&rsquo;entra\u00eenement militaire d&rsquo;hiver. Le stage s&rsquo;est d\u00e9roul\u00e9 dans la ville de Rachidia dans le cadre de la quatri\u00e8me ann\u00e9e du Prince \u00e0 l&rsquo;Acad\u00e9mie Royale Militaire. Des photos du prince de 22 ans participant \u00e0 &hellip;<\/p>\n","protected":false},"author":2,"featured_media":9865,"comment_status":"open","ping_status":"open","sticky":false,"template":"","format":"standard","meta":{"footnotes":""},"categories":[45],"tags":[],"class_list":["post-9867","post","type-post","status-publish","format-standard","has-post-thumbnail","hentry","category-societe"],"_links":{"self":[{"href":"https:\/\/m24press.com\/fr\/wp-json\/wp\/v2\/posts\/9867","targetHints":{"allow":["GET"]}}],"collection":[{"href":"https:\/\/m24press.com\/fr\/wp-json\/wp\/v2\/posts"}],"about":[{"href":"https:\/\/m24press.com\/fr\/wp-json\/wp\/v2\/types\/post"}],"author":[{"embeddable":true,"href":"https:\/\/m24press.com\/fr\/wp-json\/wp\/v2\/users\/2"}],"replies":[{"embeddable":true,"href":"https:\/\/m24press.com\/fr\/wp-json\/wp\/v2\/comments?post=9867"}],"version-history":[{"count":0,"href":"https:\/\/m24press.com\/fr\/wp-json\/wp\/v2\/posts\/9867\/revisions"}],"wp:featuredmedia":[{"embeddable":true,"href":"https:\/\/m24press.com\/fr\/wp-json\/wp\/v2\/media\/9865"}],"wp:attachment":[{"href":"https:\/\/m24press.com\/fr\/wp-json\/wp\/v2\/media?parent=9867"}],"wp:term":[{"taxonomy":"category","embeddable":true,"href":"https:\/\/m24press.com\/fr\/wp-json\/wp\/v2\/categories?post=9867"},{"taxonomy":"post_tag","embeddable":true,"href":"https:\/\/m24press.com\/fr\/wp-json\/wp\/v2\/tags?post=9867"}],"curies":[{"name":"wp","href":"https:\/\/api.w.org\/{rel}","templated":true}]}}