{"id":9878,"date":"2026-02-17T11:03:22","date_gmt":"2026-02-17T09:03:22","guid":{"rendered":"https:\/\/m24press.com\/visas-schengen-lue-envisage-detendre-les-entrees-multiples-a-plus-de-cinq-ans-pour-certaines-categories-de-personnes\/"},"modified":"2026-02-17T11:03:22","modified_gmt":"2026-02-17T09:03:22","slug":"visas-schengen-lue-envisage-detendre-les-entrees-multiples-a-plus-de-cinq-ans-pour-certaines-categories-de-personnes","status":"publish","type":"post","link":"https:\/\/m24press.com\/fr\/visas-schengen-lue-envisage-detendre-les-entrees-multiples-a-plus-de-cinq-ans-pour-certaines-categories-de-personnes\/","title":{"rendered":"Visas Schengen : L&rsquo;UE envisage d&rsquo;\u00e9tendre les entr\u00e9es multiples \u00e0 plus de cinq ans pour certaines cat\u00e9gories de personnes"},"content":{"rendered":"\n<p>La Commission europ\u00e9enne s&rsquo;appr\u00eate \u00e0 r\u00e9viser la politique des visas en adoptant une approche plus souple, en \u00e9tudiant la possibilit\u00e9 d&rsquo;accorder des visas Schengen \u00e0 entr\u00e9es multiples d&rsquo;une dur\u00e9e de validit\u00e9 sup\u00e9rieure \u00e0 cinq ans aux voyageurs consid\u00e9r\u00e9s comme fiables, tels que les professionnels, les chercheurs, les chefs d&rsquo;entreprise et les touristes r\u00e9guliers. Cette mesure vise \u00e0 renforcer l&rsquo;attrait \u00e9conomique de l&rsquo;Europe tout en maintenant des contr\u00f4les de s\u00e9curit\u00e9 stricts \u00e0 l&rsquo;entr\u00e9e de l&rsquo;espace Schengen.   <\/p>\n\n\n\n<p>Dans le cadre de la nouvelle strat\u00e9gie europ\u00e9enne en mati\u00e8re de politique des visas pr\u00e9sent\u00e9e \u00e0 la fin du mois de janvier, le document d\u00e9taille une proposition visant principalement les hommes et femmes d&rsquo;affaires voyageant r\u00e9guli\u00e8rement, les touristes r\u00e9guliers pr\u00e9sentant un faible risque en mati\u00e8re d&rsquo;immigration, ainsi que les segments de talents internationaux dont l&rsquo;activit\u00e9 est li\u00e9e \u00e0 la cr\u00e9ation d&rsquo;une valeur ajout\u00e9e pour l&rsquo;\u00e9conomie europ\u00e9enne. Le concept est cens\u00e9 faciliter l&rsquo;acc\u00e8s \u00e0 l&rsquo;Europe et r\u00e9duire les charges proc\u00e9durales pour les voyageurs fr\u00e9quents, sans affaiblir les normes de v\u00e9rification et de contr\u00f4le.      <\/p>\n\n\n\n<p>Cette id\u00e9e s&rsquo;inscrit dans le cadre d&rsquo;un r\u00e9examen plus large \u00e0 l&rsquo;\u00e9chelle de l&rsquo;UE visant \u00e0 adapter la politique des visas aux changements \u00e9conomiques, technologiques et g\u00e9opolitiques actuels. Bruxelles s&rsquo;attache \u00e0 renforcer la capacit\u00e9 du continent \u00e0 \u00eatre comp\u00e9titif au niveau mondial dans les domaines de l&rsquo;investissement, de l&rsquo;innovation et de l&rsquo;attraction des comp\u00e9tences, tout en maintenant un niveau \u00e9lev\u00e9 de protection des fronti\u00e8res ext\u00e9rieures et en assurant un \u00e9quilibre entre une ouverture mesur\u00e9e et les exigences en mati\u00e8re de s\u00e9curit\u00e9.   <\/p>\n\n\n\n<p>La strat\u00e9gie explique que faciliter la circulation des professionnels, des entrepreneurs, des chercheurs, des \u00e9tudiants internationaux et des artistes peut avoir un impact direct sur la comp\u00e9titivit\u00e9 de l&rsquo;Europe. Les visas \u00e0 entr\u00e9es multiples de longue dur\u00e9e peuvent contribuer \u00e0 r\u00e9duire les proc\u00e9dures administratives pour les voyageurs fr\u00e9quents et favoriser les \u00e9changes commerciaux, scientifiques et culturels en r\u00e9duisant la fr\u00e9quence des rendez-vous et des demandes multiples dans les consulats.   <\/p>\n\n\n\n<p>Dans le m\u00eame ordre d&rsquo;id\u00e9es, les autorit\u00e9s europ\u00e9ennes envisagent de num\u00e9riser enti\u00e8rement la proc\u00e9dure de d\u00e9livrance des visas en permettant le d\u00e9p\u00f4t \u00e9lectronique des demandes et en passant progressivement des vignettes traditionnelles \u00e0 des visas num\u00e9riques s\u00e9curis\u00e9s. Cette modernisation est cens\u00e9e simplifier l&rsquo;exp\u00e9rience des demandeurs, tout en am\u00e9liorant la qualit\u00e9 de la surveillance et en renfor\u00e7ant l&rsquo;efficacit\u00e9 des audits.     <\/p>\n\n\n\n<p>Malgr\u00e9 cette tendance \u00e0 l&rsquo;ouverture, la strat\u00e9gie souligne que la s\u00e9curit\u00e9 de l&rsquo;espace Schengen reste une priorit\u00e9 qui ne peut \u00eatre compromise. Selon l&rsquo;approche europ\u00e9enne, la politique des visas reste un outil central pour freiner l&rsquo;immigration irr\u00e9guli\u00e8re, lutter contre la criminalit\u00e9 organis\u00e9e et r\u00e9duire les risques pour la s\u00e9curit\u00e9 dans l&rsquo;espace Schengen, d&rsquo;une mani\u00e8re qui pr\u00e9serve la fluidit\u00e9 sans ouvrir de br\u00e8ches dans le syst\u00e8me de protection.       <\/p>\n\n\n\n<p>Par cons\u00e9quent, la Commission s&rsquo;appr\u00eate \u00e0 renforcer la surveillance des pays exempt\u00e9s de visa et \u00e0 envisager des mesures restrictives sp\u00e9cifiques et contextualis\u00e9es en cas de tensions politiques ou s\u00e9curitaires. Le document souligne \u00e9galement l&rsquo;importance de d\u00e9velopper la coop\u00e9ration avec les pays partenaires sur les questions de migration, tant en termes d&rsquo;\u00e9change d&rsquo;informations que d&rsquo;am\u00e9lioration des m\u00e9canismes de r\u00e9admission et de gestion des flux.    <\/p>\n\n\n\n<h2 class=\"wp-block-heading\">Acquisition de talents et innovation<\/h2>\n\n\n\n<p>Les \u00e9tudiants, les chercheurs, les travailleurs hautement qualifi\u00e9s, les entrepreneurs innovants et les sp\u00e9cialistes du num\u00e9rique figurent parmi les groupes prioritaires de la strat\u00e9gie europ\u00e9enne. Dans ce contexte, Bruxelles vise \u00e0 simplifier les proc\u00e9dures de visa de long s\u00e9jour et \u00e0 am\u00e9liorer la coordination consulaire entre les \u00c9tats membres, ce qui pourrait contribuer \u00e0 r\u00e9duire les d\u00e9lais de traitement des demandes et \u00e0 accro\u00eetre le niveau de coh\u00e9rence des d\u00e9cisions.      <\/p>\n\n\n\n<p>Dans le m\u00eame ordre d&rsquo;id\u00e9es, le r\u00f4le de l&rsquo;Agence europ\u00e9enne de garde-fronti\u00e8res et de garde-c\u00f4tes (Frontex) pourrait \u00e9voluer pour lui permettre d&rsquo;apporter un soutien accru aux \u00c9tats membres dans la gestion op\u00e9rationnelle des demandes de visa, en am\u00e9liorant les capacit\u00e9s de traitement et de suivi et en r\u00e9pondant \u00e0 la volont\u00e9 de l&rsquo;Union de moderniser son syst\u00e8me consulaire sans abandonner les exigences en mati\u00e8re de contr\u00f4le.   <\/p>\n","protected":false},"excerpt":{"rendered":"<p>La Commission europ\u00e9enne s&rsquo;appr\u00eate \u00e0 r\u00e9viser la politique des visas en adoptant une approche plus souple, en \u00e9tudiant la possibilit\u00e9 d&rsquo;accorder des visas Schengen \u00e0 entr\u00e9es multiples d&rsquo;une dur\u00e9e de validit\u00e9 sup\u00e9rieure \u00e0 cinq ans aux voyageurs consid\u00e9r\u00e9s comme fiables, tels que les professionnels, les chercheurs, les chefs d&rsquo;entreprise et les touristes r\u00e9guliers. Cette mesure &hellip;<\/p>\n","protected":false},"author":2,"featured_media":9876,"comment_status":"open","ping_status":"open","sticky":false,"template":"","format":"standard","meta":{"footnotes":""},"categories":[50],"tags":[],"class_list":["post-9878","post","type-post","status-publish","format-standard","has-post-thumbnail","hentry","category-actualites-politiques"],"_links":{"self":[{"href":"https:\/\/m24press.com\/fr\/wp-json\/wp\/v2\/posts\/9878","targetHints":{"allow":["GET"]}}],"collection":[{"href":"https:\/\/m24press.com\/fr\/wp-json\/wp\/v2\/posts"}],"about":[{"href":"https:\/\/m24press.com\/fr\/wp-json\/wp\/v2\/types\/post"}],"author":[{"embeddable":true,"href":"https:\/\/m24press.com\/fr\/wp-json\/wp\/v2\/users\/2"}],"replies":[{"embeddable":true,"href":"https:\/\/m24press.com\/fr\/wp-json\/wp\/v2\/comments?post=9878"}],"version-history":[{"count":0,"href":"https:\/\/m24press.com\/fr\/wp-json\/wp\/v2\/posts\/9878\/revisions"}],"wp:featuredmedia":[{"embeddable":true,"href":"https:\/\/m24press.com\/fr\/wp-json\/wp\/v2\/media\/9876"}],"wp:attachment":[{"href":"https:\/\/m24press.com\/fr\/wp-json\/wp\/v2\/media?parent=9878"}],"wp:term":[{"taxonomy":"category","embeddable":true,"href":"https:\/\/m24press.com\/fr\/wp-json\/wp\/v2\/categories?post=9878"},{"taxonomy":"post_tag","embeddable":true,"href":"https:\/\/m24press.com\/fr\/wp-json\/wp\/v2\/tags?post=9878"}],"curies":[{"name":"wp","href":"https:\/\/api.w.org\/{rel}","templated":true}]}}