{"id":9888,"date":"2026-02-17T12:25:40","date_gmt":"2026-02-17T10:25:40","guid":{"rendered":"https:\/\/m24press.com\/lartiste-et-sculpteur-abdullah-sadouk-est-decede\/"},"modified":"2026-02-17T12:25:40","modified_gmt":"2026-02-17T10:25:40","slug":"lartiste-et-sculpteur-abdullah-sadouk-est-decede","status":"publish","type":"post","link":"https:\/\/m24press.com\/fr\/lartiste-et-sculpteur-abdullah-sadouk-est-decede\/","title":{"rendered":"L&rsquo;artiste et sculpteur Abdullah Sadouk est d\u00e9c\u00e9d\u00e9"},"content":{"rendered":"\n<p>La sc\u00e8ne artistique marocaine a perdu l&rsquo;un de ses visages les plus marquants avec la disparition d&rsquo;Abdallah Sadouk, peintre, sculpteur et graveur, qui s&rsquo;est \u00e9teint le 15 f\u00e9vrier 2026 \u00e0 Paris \u00e0 l&rsquo;\u00e2ge de 75 ans apr\u00e8s une longue lutte contre la maladie. Avec son d\u00e9part, la communaut\u00e9 des arts visuels perd un artiste qui a accumul\u00e9 une exp\u00e9rience particuli\u00e8re form\u00e9e entre le Maroc et la France, o\u00f9 la m\u00e9moire a interagi avec l&rsquo;architecture et l&rsquo;abstraction avec une dimension po\u00e9tique, et a laiss\u00e9 un h\u00e9ritage diversifi\u00e9 qui est rest\u00e9 pr\u00e9sent dans les expositions et les espaces culturels \u00e0 l&rsquo;int\u00e9rieur et \u00e0 l&rsquo;ext\u00e9rieur du Maroc.     <\/p>\n\n\n\n<p>N\u00e9 \u00e0 Casablanca en 1950, Sadouk se forme \u00e0 l&rsquo;Institut national des beaux-arts de T\u00e9touan entre 1967 et 1970 sous la direction d&rsquo;Abdallah Fakhar. Il s&rsquo;installe ensuite \u00e0 Paris pour poursuivre ses \u00e9tudes \u00e0 travers plusieurs parcours acad\u00e9miques, de l&rsquo;Ecole Nationale Sup\u00e9rieure des Arts D\u00e9coratifs o\u00f9 il se sp\u00e9cialise en sculpture aupr\u00e8s d&rsquo;Emmanuel Auricoste, \u00e0 l&rsquo;Ecole Nationale Sup\u00e9rieure des Beaux-Arts dans l&rsquo;atelier de Jean-Marie Granier, en passant par l&rsquo;Ecole Nationale Sup\u00e9rieure des Beaux-Arts. Ce parcours aboutit \u00e0 l&rsquo;obtention d&rsquo;une licence d&rsquo;arts plastiques \u00e0 l&rsquo;Universit\u00e9 de Paris 1 Panth\u00e9on Sorbonne en 1980.     <\/p>\n\n\n\n<p>Si ses d\u00e9buts artistiques se sont cristallis\u00e9s en France, il est retourn\u00e9 au Maroc au milieu des ann\u00e9es 1990 et a ensuite partag\u00e9 sa vie entre la r\u00e9gion parisienne et son pays natal, et la r\u00e9gion du Hawz, o\u00f9 il a \u00e9tabli un studio en 2007. Souvent qualifi\u00e9e de \u00ab\u00a0paysages abstraits\u00a0\u00bb ou de \u00ab\u00a0cubisme impressionniste\u00a0\u00bb, son \u0153uvre se caract\u00e9rise par un travail sur la lumi\u00e8re et les volumes, avec une pr\u00e9sence \u00e9vidente d&rsquo;\u00e9l\u00e9ments g\u00e9om\u00e9triques et de compositions architecturales.      <\/p>\n\n\n\n<p>Edmond Omran Elmaleh voit dans son architecture un \u00e9cho de l&rsquo;architecture berb\u00e8re, tandis que le critique Farid Zahi affirme qu&rsquo;elle cr\u00e9e une r\u00e9alit\u00e9 artistique aliment\u00e9e par l&rsquo;effet de surprise. Seddouk compare sa m\u00e9thode \u00e0 l&rsquo;esclavage, un cycle dans lequel la peinture alterne entre saturation et purification pour t\u00e9moigner du \u00ab\u00a0chaos quotidien\u00a0\u00bb.   <\/p>\n\n\n\n<p>Son impact ne se limite pas \u00e0 la toile, il a \u00e9galement marqu\u00e9 l&rsquo;espace public de Casablanca en habillant de m\u00e9tal la fa\u00e7ade du si\u00e8ge de TGCC, dans un travail de sculpteur qui lit la ville comme un paysage en perp\u00e9tuelle \u00e9volution. Son langage visuel est bas\u00e9 sur des \u00e9l\u00e9ments lin\u00e9aires et des motifs architecturaux qui recomposent le paysage urbain et r\u00e9v\u00e8lent sa relation avec la mati\u00e8re, la surface et l&rsquo;abstraction.   <\/p>\n\n\n\n<p>La pr\u00e9sence de Sadok s&rsquo;est \u00e9tendue \u00e0 des lieux internationaux, de Paris \u00e0 Montr\u00e9al, et \u00e0 des espaces tels que l&rsquo;Institut du monde arabe et la Biennale de Marrakech. En 2014, Casablanca a accueilli une grande r\u00e9trospective c\u00e9l\u00e9brant cinquante ans de production artistique. Ses \u0153uvres sont entr\u00e9es dans les collections d&rsquo;institutions prestigieuses, dont le Mus\u00e9e Mohammed VI et la Biblioth\u00e8que nationale de France.     <\/p>\n\n\n\n<p>Il \u00e9tait \u00e9galement connu pour sa proximit\u00e9 avec les \u00e9crivains et sa curiosit\u00e9 intellectuelle, qui se manifestait dans son travail de dessins et d&rsquo;aquarelles accompagnant les textes de po\u00e8tes comme Abdellatif Laabi et Taher Bakri, dans un dialogue permanent entre le symbole et l&rsquo;image. Malgr\u00e9 son absence, son impact demeure comme l&rsquo;un des noms qui ont incarn\u00e9 la fusion de l&rsquo;originalit\u00e9 et de la contemporan\u00e9it\u00e9 au sein de l&rsquo;art abstrait marocain, avec un projet artistique qui cherchait, \u00e0 travers la ligne et les mat\u00e9riaux, \u00e0 capturer le mouvement perp\u00e9tuel du monde.     <\/p>\n","protected":false},"excerpt":{"rendered":"<p>La sc\u00e8ne artistique marocaine a perdu l&rsquo;un de ses visages les plus marquants avec la disparition d&rsquo;Abdallah Sadouk, peintre, sculpteur et graveur, qui s&rsquo;est \u00e9teint le 15 f\u00e9vrier 2026 \u00e0 Paris \u00e0 l&rsquo;\u00e2ge de 75 ans apr\u00e8s une longue lutte contre la maladie. Avec son d\u00e9part, la communaut\u00e9 des arts visuels perd un artiste qui &hellip;<\/p>\n","protected":false},"author":2,"featured_media":9886,"comment_status":"open","ping_status":"open","sticky":false,"template":"","format":"standard","meta":{"footnotes":""},"categories":[47],"tags":[],"class_list":["post-9888","post","type-post","status-publish","format-standard","has-post-thumbnail","hentry","category-culture-et-societe"],"_links":{"self":[{"href":"https:\/\/m24press.com\/fr\/wp-json\/wp\/v2\/posts\/9888","targetHints":{"allow":["GET"]}}],"collection":[{"href":"https:\/\/m24press.com\/fr\/wp-json\/wp\/v2\/posts"}],"about":[{"href":"https:\/\/m24press.com\/fr\/wp-json\/wp\/v2\/types\/post"}],"author":[{"embeddable":true,"href":"https:\/\/m24press.com\/fr\/wp-json\/wp\/v2\/users\/2"}],"replies":[{"embeddable":true,"href":"https:\/\/m24press.com\/fr\/wp-json\/wp\/v2\/comments?post=9888"}],"version-history":[{"count":0,"href":"https:\/\/m24press.com\/fr\/wp-json\/wp\/v2\/posts\/9888\/revisions"}],"wp:featuredmedia":[{"embeddable":true,"href":"https:\/\/m24press.com\/fr\/wp-json\/wp\/v2\/media\/9886"}],"wp:attachment":[{"href":"https:\/\/m24press.com\/fr\/wp-json\/wp\/v2\/media?parent=9888"}],"wp:term":[{"taxonomy":"category","embeddable":true,"href":"https:\/\/m24press.com\/fr\/wp-json\/wp\/v2\/categories?post=9888"},{"taxonomy":"post_tag","embeddable":true,"href":"https:\/\/m24press.com\/fr\/wp-json\/wp\/v2\/tags?post=9888"}],"curies":[{"name":"wp","href":"https:\/\/api.w.org\/{rel}","templated":true}]}}