{"id":9903,"date":"2026-02-18T09:34:21","date_gmt":"2026-02-18T07:34:21","guid":{"rendered":"https:\/\/m24press.com\/deces-de-jesse-jackson-lune-des-figures-emblematiques-des-droits-civiques-aux-etats-unis\/"},"modified":"2026-02-18T09:34:21","modified_gmt":"2026-02-18T07:34:21","slug":"deces-de-jesse-jackson-lune-des-figures-emblematiques-des-droits-civiques-aux-etats-unis","status":"publish","type":"post","link":"https:\/\/m24press.com\/fr\/deces-de-jesse-jackson-lune-des-figures-emblematiques-des-droits-civiques-aux-etats-unis\/","title":{"rendered":"D\u00e9c\u00e8s de Jesse Jackson, l&rsquo;une des figures embl\u00e9matiques des droits civiques aux \u00c9tats-Unis"},"content":{"rendered":"\n<p>Le r\u00e9v\u00e9rend Jesse Jackson, l&rsquo;une des figures les plus marquantes de la lutte pour les droits civiques aux \u00c9tats-Unis, est d\u00e9c\u00e9d\u00e9 \u00e0 l&rsquo;\u00e2ge de 84 ans, a annonc\u00e9 sa famille. Figure centrale de l&rsquo;histoire du mouvement des droits civiques, Jackson est consid\u00e9r\u00e9 comme le premier candidat afro-am\u00e9ricain \u00e0 se pr\u00e9senter \u00e0 l&rsquo;\u00e9lection pr\u00e9sidentielle am\u00e9ricaine.   <\/p>\n\n\n\n<p>Le r\u00e9v\u00e9rend Jackson, connu comme l&rsquo;un des leaders les plus influents parmi les Afro-Am\u00e9ricains aux c\u00f4t\u00e9s de son \u00ab\u00a0alli\u00e9\u00a0\u00bb Martin Luther King, est d\u00e9c\u00e9d\u00e9 \u00ab\u00a0mardi, paisiblement, entour\u00e9 de sa famille\u00a0\u00bb, a indiqu\u00e9 la famille dans un communiqu\u00e9 publi\u00e9 sur les r\u00e9seaux sociaux.    <\/p>\n\n\n\n<p>\u00ab\u00a0Son engagement in\u00e9branlable en faveur de la justice, de l&rsquo;\u00e9galit\u00e9 et des droits de l&rsquo;homme a contribu\u00e9 \u00e0 fa\u00e7onner un mouvement mondial pour la libert\u00e9 et la dignit\u00e9\u00a0\u00bb, a d\u00e9clar\u00e9 la famille, soulignant que \u00ab\u00a0sa foi in\u00e9branlable en la justice, l&rsquo;\u00e9galit\u00e9 et l&rsquo;amour a inspir\u00e9 des millions de personnes\u00a0\u00bb \u00e0 travers le monde. <\/p>\n\n\n\n<p>Jackson \u00e9tait largement reconnu pour son engagement dans l&rsquo;activisme non violent, son rejet ferme de la discrimination raciale et son engagement dans la d\u00e9fense des droits civiques. Il a \u00e9galement \u00e9t\u00e9 t\u00e9moin de l&rsquo;assassinat de Martin Luther King Jr. en 1968, un moment qui a marqu\u00e9 son parcours et a \u00e9t\u00e9 associ\u00e9 \u00e0 un moment charni\u00e8re de l&rsquo;histoire du mouvement des droits civiques aux \u00c9tats-Unis.  <\/p>\n\n\n\n<p>Son influence politique a \u00e9t\u00e9 renforc\u00e9e par sa d\u00e9cision de se pr\u00e9senter aux \u00e9lections pr\u00e9sidentielles de 1984 et 1988. Cette exp\u00e9rience, ainsi que son activisme sur le terrain, ont contribu\u00e9 \u00e0 \u00e9largir le champ d&rsquo;action du parti d\u00e9mocrate pour qu&rsquo;il prenne davantage en compte les revendications des Afro-Am\u00e9ricains en mati\u00e8re de droits civiques.   <\/p>\n\n\n\n<p>N\u00e9 en Caroline du Sud en 1941, Jesse Jackson \u00e9tait connu pour ses discours percutants et comme une voix morale et politique qui soutenait la cr\u00e9ation d&rsquo;alliances plus larges au sein de la soci\u00e9t\u00e9 am\u00e9ricaine, en particulier parmi les pauvres et la classe ouvri\u00e8re.  <\/p>\n\n\n\n<p>Selon les m\u00e9dias am\u00e9ricains, Jackson a \u00e9t\u00e9 hospitalis\u00e9 en novembre dernier et on lui a diagnostiqu\u00e9 une maladie neurologique d\u00e9g\u00e9n\u00e9rative. En 2017, il a \u00e9t\u00e9 diagnostiqu\u00e9 comme souffrant de la maladie de Parkinson, une maladie qui affecte le syst\u00e8me nerveux et entra\u00eene progressivement un d\u00e9clin de la capacit\u00e9 \u00e0 bouger et \u00e0 effectuer des activit\u00e9s quotidiennes.   <\/p>\n","protected":false},"excerpt":{"rendered":"<p>Le r\u00e9v\u00e9rend Jesse Jackson, l&rsquo;une des figures les plus marquantes de la lutte pour les droits civiques aux \u00c9tats-Unis, est d\u00e9c\u00e9d\u00e9 \u00e0 l&rsquo;\u00e2ge de 84 ans, a annonc\u00e9 sa famille. Figure centrale de l&rsquo;histoire du mouvement des droits civiques, Jackson est consid\u00e9r\u00e9 comme le premier candidat afro-am\u00e9ricain \u00e0 se pr\u00e9senter \u00e0 l&rsquo;\u00e9lection pr\u00e9sidentielle am\u00e9ricaine. Le &hellip;<\/p>\n","protected":false},"author":2,"featured_media":9901,"comment_status":"open","ping_status":"open","sticky":false,"template":"","format":"standard","meta":{"footnotes":""},"categories":[52],"tags":[],"class_list":["post-9903","post","type-post","status-publish","format-standard","has-post-thumbnail","hentry","category-actualites-internationales"],"_links":{"self":[{"href":"https:\/\/m24press.com\/fr\/wp-json\/wp\/v2\/posts\/9903","targetHints":{"allow":["GET"]}}],"collection":[{"href":"https:\/\/m24press.com\/fr\/wp-json\/wp\/v2\/posts"}],"about":[{"href":"https:\/\/m24press.com\/fr\/wp-json\/wp\/v2\/types\/post"}],"author":[{"embeddable":true,"href":"https:\/\/m24press.com\/fr\/wp-json\/wp\/v2\/users\/2"}],"replies":[{"embeddable":true,"href":"https:\/\/m24press.com\/fr\/wp-json\/wp\/v2\/comments?post=9903"}],"version-history":[{"count":0,"href":"https:\/\/m24press.com\/fr\/wp-json\/wp\/v2\/posts\/9903\/revisions"}],"wp:featuredmedia":[{"embeddable":true,"href":"https:\/\/m24press.com\/fr\/wp-json\/wp\/v2\/media\/9901"}],"wp:attachment":[{"href":"https:\/\/m24press.com\/fr\/wp-json\/wp\/v2\/media?parent=9903"}],"wp:term":[{"taxonomy":"category","embeddable":true,"href":"https:\/\/m24press.com\/fr\/wp-json\/wp\/v2\/categories?post=9903"},{"taxonomy":"post_tag","embeddable":true,"href":"https:\/\/m24press.com\/fr\/wp-json\/wp\/v2\/tags?post=9903"}],"curies":[{"name":"wp","href":"https:\/\/api.w.org\/{rel}","templated":true}]}}