{"id":9928,"date":"2026-02-18T16:17:15","date_gmt":"2026-02-18T14:17:15","guid":{"rendered":"https:\/\/m24press.com\/un-eleve-meurt-apres-avoir-chute-a-linterieur-du-lycee-prince-moulay-abdallah-a-sidi-slimane\/"},"modified":"2026-02-18T16:17:15","modified_gmt":"2026-02-18T14:17:15","slug":"un-eleve-meurt-apres-avoir-chute-a-linterieur-du-lycee-prince-moulay-abdallah-a-sidi-slimane","status":"publish","type":"post","link":"https:\/\/m24press.com\/fr\/un-eleve-meurt-apres-avoir-chute-a-linterieur-du-lycee-prince-moulay-abdallah-a-sidi-slimane\/","title":{"rendered":"Un \u00e9l\u00e8ve meurt apr\u00e8s avoir chut\u00e9 \u00e0 l&rsquo;int\u00e9rieur du lyc\u00e9e Prince Moulay Abdallah \u00e0 Sidi Slimane"},"content":{"rendered":"\n<p>Le lyc\u00e9e Prince Moulay Abdallah de Sidi Sleiman a \u00e9t\u00e9 le th\u00e9\u00e2tre mardi matin d&rsquo;un tragique accident qui a entra\u00een\u00e9 la mort d&rsquo;une \u00e9l\u00e8ve qui a succomb\u00e9 aux blessures qu&rsquo;elle a subies en tombant \u00e0 l&rsquo;int\u00e9rieur de l&rsquo;\u00e9tablissement scolaire.  <\/p>\n\n\n\n<p>Selon les m\u00e9dias, \u00ab\u00a0la victime a saut\u00e9 du deuxi\u00e8me \u00e9tage, ce qui lui a caus\u00e9 des blessures mortelles\u00a0\u00bb. Les circonstances de cet incident ne sont pas encore claires, en attendant les r\u00e9sultats de l&rsquo;enqu\u00eate en cours pour d\u00e9terminer les circonstances et les causes de l&rsquo;incident.    <\/p>\n\n\n\n<p>Dans le m\u00eame contexte, une source de la d\u00e9l\u00e9gation r\u00e9gionale du minist\u00e8re de l&rsquo;\u00e9ducation nationale \u00e0 Sidi Slimane a d\u00e9clar\u00e9 que les mesures ne se limitent pas \u00e0 la recherche en cours, puisqu&rsquo;une enqu\u00eate p\u00e9dagogique sera \u00e9galement ouverte afin de recueillir des donn\u00e9es et de d\u00e9couvrir les d\u00e9tails de ce qui s&rsquo;est pass\u00e9 \u00e0 l&rsquo;int\u00e9rieur de l&rsquo;institution.  <\/p>\n\n\n\n<p>D\u00e8s l&rsquo;annonce de la nouvelle, les autorit\u00e9s locales et les services de la s\u00fbret\u00e9 nationale se sont rendus sur les lieux et une enqu\u00eate a \u00e9t\u00e9 ouverte sous la supervision du parquet. Le corps de l&rsquo;\u00e9tudiant a \u00e9t\u00e9 transport\u00e9 \u00e0 la morgue de l&rsquo;h\u00f4pital r\u00e9gional de Sidi Slimane.   <\/p>\n","protected":false},"excerpt":{"rendered":"<p>Le lyc\u00e9e Prince Moulay Abdallah de Sidi Sleiman a \u00e9t\u00e9 le th\u00e9\u00e2tre mardi matin d&rsquo;un tragique accident qui a entra\u00een\u00e9 la mort d&rsquo;une \u00e9l\u00e8ve qui a succomb\u00e9 aux blessures qu&rsquo;elle a subies en tombant \u00e0 l&rsquo;int\u00e9rieur de l&rsquo;\u00e9tablissement scolaire. Selon les m\u00e9dias, \u00ab\u00a0la victime a saut\u00e9 du deuxi\u00e8me \u00e9tage, ce qui lui a caus\u00e9 des &hellip;<\/p>\n","protected":false},"author":2,"featured_media":9926,"comment_status":"open","ping_status":"open","sticky":false,"template":"","format":"standard","meta":{"footnotes":""},"categories":[45],"tags":[],"class_list":["post-9928","post","type-post","status-publish","format-standard","has-post-thumbnail","hentry","category-societe"],"_links":{"self":[{"href":"https:\/\/m24press.com\/fr\/wp-json\/wp\/v2\/posts\/9928","targetHints":{"allow":["GET"]}}],"collection":[{"href":"https:\/\/m24press.com\/fr\/wp-json\/wp\/v2\/posts"}],"about":[{"href":"https:\/\/m24press.com\/fr\/wp-json\/wp\/v2\/types\/post"}],"author":[{"embeddable":true,"href":"https:\/\/m24press.com\/fr\/wp-json\/wp\/v2\/users\/2"}],"replies":[{"embeddable":true,"href":"https:\/\/m24press.com\/fr\/wp-json\/wp\/v2\/comments?post=9928"}],"version-history":[{"count":0,"href":"https:\/\/m24press.com\/fr\/wp-json\/wp\/v2\/posts\/9928\/revisions"}],"wp:featuredmedia":[{"embeddable":true,"href":"https:\/\/m24press.com\/fr\/wp-json\/wp\/v2\/media\/9926"}],"wp:attachment":[{"href":"https:\/\/m24press.com\/fr\/wp-json\/wp\/v2\/media?parent=9928"}],"wp:term":[{"taxonomy":"category","embeddable":true,"href":"https:\/\/m24press.com\/fr\/wp-json\/wp\/v2\/categories?post=9928"},{"taxonomy":"post_tag","embeddable":true,"href":"https:\/\/m24press.com\/fr\/wp-json\/wp\/v2\/tags?post=9928"}],"curies":[{"name":"wp","href":"https:\/\/api.w.org\/{rel}","templated":true}]}}