{"id":9933,"date":"2026-02-18T16:52:59","date_gmt":"2026-02-18T14:52:59","guid":{"rendered":"https:\/\/m24press.com\/le-maroc-et-la-cote-divoire-inaugurent-une-plateforme-de-recherche-sur-lenergie-solaire-a-yamoussoukro\/"},"modified":"2026-02-18T16:52:59","modified_gmt":"2026-02-18T14:52:59","slug":"le-maroc-et-la-cote-divoire-inaugurent-une-plateforme-de-recherche-sur-lenergie-solaire-a-yamoussoukro","status":"publish","type":"post","link":"https:\/\/m24press.com\/fr\/le-maroc-et-la-cote-divoire-inaugurent-une-plateforme-de-recherche-sur-lenergie-solaire-a-yamoussoukro\/","title":{"rendered":"Le Maroc et la C\u00f4te d&rsquo;Ivoire inaugurent une plateforme de recherche sur l&rsquo;\u00e9nergie solaire \u00e0 Yamoussoukro"},"content":{"rendered":"\n<p>Le Maroc et la C\u00f4te d&rsquo;Ivoire ont inaugur\u00e9 un nouveau parc de recherche sur l&rsquo;\u00e9nergie solaire \u00e0 Yamoussoukro, dans le but de renforcer la coop\u00e9ration bilat\u00e9rale dans les domaines des \u00e9nergies renouvelables et des applications pratiques de l&rsquo;\u00e9nergie propre. Le projet, appel\u00e9 Parc maroco-ivoirien des \u00e9nergies vertes, vise \u00e0 associer la recherche scientifique \u00e0 la formation et \u00e0 des projets susceptibles d&rsquo;\u00eatre transform\u00e9s en solutions industrielles et commerciales.   <\/p>\n\n\n\n<h2 class=\"wp-block-heading\">Lancement du projet et partenaires<\/h2>\n\n\n\n<p>Le projet a \u00e9t\u00e9 lanc\u00e9 vendredi \u00e0 l&rsquo;initiative conjointe de l&rsquo;Institut de recherche sur l&rsquo;\u00e9nergie solaire et les \u00e9nergies nouvelles (IRESEN), de l&rsquo;Universit\u00e9 polytechnique Mohammed VI (UM6P), du Complexe marocain des \u00e9nergies vertes et de l&rsquo;Institut national polytechnique Houphou\u00ebt-Boigny (INP-HB). Le centre est situ\u00e9 sur le campus de l&rsquo;Institut National Polytechnique de Yamoussoukro, ce qui lui permet de s&rsquo;appuyer sur un environnement universitaire et technique permettant \u00e0 la fois la recherche, l&rsquo;exp\u00e9rimentation et la formation.     <\/p>\n\n\n\n<h2 class=\"wp-block-heading\">Domaines de recherche et applications cibl\u00e9s<\/h2>\n\n\n\n<p>Le centre se concentre sur la recherche appliqu\u00e9e, les nouvelles technologies et la formation dans le domaine de l&rsquo;\u00e9nergie solaire, avec un programme qui comprend l&rsquo;essai de panneaux solaires pour la production d&rsquo;\u00e9lectricit\u00e9, ainsi que des solutions bas\u00e9es sur la chaleur solaire. La plateforme s&rsquo;int\u00e9resse \u00e9galement \u00e0 l&rsquo;utilisation de l&rsquo;\u00e9nergie solaire dans les secteurs li\u00e9s au d\u00e9veloppement, tels que l&rsquo;agriculture et le traitement de l&rsquo;eau, ouvrant ainsi la voie \u00e0 des solutions pratiques adapt\u00e9es aux besoins des march\u00e9s locaux et aux conditions climatiques.     <\/p>\n\n\n\n<p>La c\u00e9r\u00e9monie d&rsquo;ouverture s&rsquo;est d\u00e9roul\u00e9e en pr\u00e9sence de repr\u00e9sentants du minist\u00e8re ivoirien de l&rsquo;enseignement sup\u00e9rieur, d&rsquo;autorit\u00e9s \u00e9nerg\u00e9tiques, d&rsquo;institutions universitaires et d&rsquo;acteurs du secteur priv\u00e9, t\u00e9moignant ainsi de la volont\u00e9 de construire une voie reliant la recherche \u00e0 l&rsquo;entreprise et au march\u00e9 des technologies.    <\/p>\n\n\n\n<h2 class=\"wp-block-heading\">Le mod\u00e8le de Ben Greer s&rsquo;installe en Afrique de l&rsquo;Ouest<\/h2>\n\n\n\n<p>Le projet adopte le m\u00eame mod\u00e8le que le Parc des \u00e9nergies vertes de Ben Jarir, d\u00e9velopp\u00e9 au Maroc par l&rsquo;IRESEN en partenariat avec le groupe OCP et l&rsquo;universit\u00e9 UM6P, et inaugur\u00e9 par le roi Mohammed VI en 2017 pour soutenir la recherche et la formation dans le domaine des \u00e9nergies propres. Le Centre de Yamoussoukro est pr\u00e9sent\u00e9 comme la premi\u00e8re application de ce mod\u00e8le sur le continent, offrant aux chercheurs une nouvelle plateforme pour travailler en dehors des conditions du climat marocain.    <\/p>\n\n\n\n<h2 class=\"wp-block-heading\">Exp\u00e9riences en mati\u00e8re de climat et de performance<\/h2>\n\n\n\n<p>Une part importante de la valeur du projet repose sur la diff\u00e9rence d&rsquo;environnement climatique entre les deux sites. Alors que le climat de Ben Jarir est caract\u00e9ris\u00e9 par l&rsquo;aridit\u00e9, celui de Yamoussoukro est caract\u00e9ris\u00e9 par un climat subtropical chaud et humide. Ce contraste permet d&rsquo;\u00e9tudier l&rsquo;impact de facteurs tels que la chaleur, l&rsquo;humidit\u00e9 et la poussi\u00e8re sur les performances des panneaux solaires et de leurs composants, fournissant ainsi des donn\u00e9es plus pr\u00e9cises pour d\u00e9velopper des \u00e9quipements mieux adapt\u00e9s aux divers environnements africains.    <\/p>\n\n\n\n<h2 class=\"wp-block-heading\">De la recherche au march\u00e9 : Pilotes et startups <\/h2>\n\n\n\n<p>L&rsquo;objectif n&rsquo;est pas de se limiter \u00e0 des tests en laboratoire, mais de transformer les r\u00e9sultats de la recherche en projets \u00e9volutifs. Le site accueillera des essais sur le terrain men\u00e9s par des universit\u00e9s et des entreprises marocaines, dans le but de cr\u00e9er des startups, d&rsquo;\u00e9changer des comp\u00e9tences et de soutenir les cha\u00eenes industrielles locales li\u00e9es \u00e0 l&rsquo;\u00e9nergie solaire. Cette initiative s&rsquo;inscrit dans un contexte africain plus large, le Maroc renfor\u00e7ant sa pr\u00e9sence dans le domaine des \u00e9nergies renouvelables sur l&rsquo;ensemble du continent, tandis que la C\u00f4te d&rsquo;Ivoire s&rsquo;efforce d&rsquo;accro\u00eetre la part des \u00e9nergies renouvelables dans son bouquet \u00e9nerg\u00e9tique.        <\/p>\n\n\n\n<h2 class=\"wp-block-heading\">D\u00e9clarations<\/h2>\n\n\n\n<p>Samir Rachidi, pr\u00e9sident de l&rsquo;Institut de recherche sur les \u00e9nergies renouvelables (IRESEN) et pr\u00e9sident du Parc des \u00e9nergies vertes, a d\u00e9clar\u00e9 : \u00ab\u00a0Le Parc des \u00e9nergies vertes Maroc-C\u00f4te d&rsquo;Ivoire refl\u00e8te une ambition claire : \u00ab\u00a0Le Parc des \u00e9nergies vertes Maroc-C\u00f4te d&rsquo;Ivoire refl\u00e8te une ambition claire : Mettre la recherche appliqu\u00e9e et l&rsquo;innovation au service du d\u00e9veloppement durable et de la r\u00e9ussite des grands projets \u00e9nerg\u00e9tiques en Afrique.\u00a0\u00bb   <\/p>\n\n\n\n<p>Ajout\u00e9 : \u00ab\u00a0En s&rsquo;appuyant sur l&rsquo;exp\u00e9rience du parc d&rsquo;\u00e9nergie verte Bin Jarir, cette plateforme contribuera \u00e0 renforcer les capacit\u00e9s locales, \u00e0 transf\u00e9rer les comp\u00e9tences et \u00e0 cr\u00e9er des \u00e9cosyst\u00e8mes d&rsquo;innovation susceptibles de soutenir la transition \u00e9nerg\u00e9tique du continent.\u00a0\u00bb   <\/p>\n\n\n\n<p>Mohamed Bousta, Directeur G\u00e9n\u00e9ral du Parc de l&rsquo;Energie Verte, a d\u00e9clar\u00e9 : \u00ab\u00a0L&rsquo;ouverture du parc maroco-ivoirien de l&rsquo;\u00e9nergie verte repr\u00e9sente l&rsquo;essence m\u00eame de l&rsquo;initiative UM6P : construire des ponts tangibles et durables entre les \u00e9cosyst\u00e8mes africains \u00e0 travers la science et l&rsquo;innovation, permettre \u00e0 l&rsquo;expertise africaine de d\u00e9velopper des solutions technologiques adapt\u00e9es aux conditions locales, et cr\u00e9er des startups et des opportunit\u00e9s d&#8217;emploi pour la jeunesse africaine.\u00a0\u00bb     <\/p>\n\n\n\n<p>Ajout\u00e9 : \u00ab\u00a0En mettant en \u0153uvre le mod\u00e8le r\u00e9ussi du parc des \u00e9nergies vertes \u00e0 Bin Jarir, nous fournissons un \u00e9cosyst\u00e8me int\u00e9gr\u00e9 pour la recherche, la formation et l&rsquo;esprit d&rsquo;entreprise\u00a0\u00bb. <\/p>\n\n\n\n<p>Il a d\u00e9crit la plateforme comme \u00ab\u00a0un catalyseur de souverainet\u00e9 technologique pour notre continent, o\u00f9 les solutions pour l&rsquo;Afrique sont con\u00e7ues, test\u00e9es et mises en \u0153uvre par des talents africains\u00a0\u00bb. <\/p>\n","protected":false},"excerpt":{"rendered":"<p>Le Maroc et la C\u00f4te d&rsquo;Ivoire ont inaugur\u00e9 un nouveau parc de recherche sur l&rsquo;\u00e9nergie solaire \u00e0 Yamoussoukro, dans le but de renforcer la coop\u00e9ration bilat\u00e9rale dans les domaines des \u00e9nergies renouvelables et des applications pratiques de l&rsquo;\u00e9nergie propre. Le projet, appel\u00e9 Parc maroco-ivoirien des \u00e9nergies vertes, vise \u00e0 associer la recherche scientifique \u00e0 la &hellip;<\/p>\n","protected":false},"author":2,"featured_media":9931,"comment_status":"open","ping_status":"open","sticky":false,"template":"","format":"standard","meta":{"footnotes":""},"categories":[49],"tags":[],"class_list":["post-9933","post","type-post","status-publish","format-standard","has-post-thumbnail","hentry","category-economie-et-affaires"],"_links":{"self":[{"href":"https:\/\/m24press.com\/fr\/wp-json\/wp\/v2\/posts\/9933","targetHints":{"allow":["GET"]}}],"collection":[{"href":"https:\/\/m24press.com\/fr\/wp-json\/wp\/v2\/posts"}],"about":[{"href":"https:\/\/m24press.com\/fr\/wp-json\/wp\/v2\/types\/post"}],"author":[{"embeddable":true,"href":"https:\/\/m24press.com\/fr\/wp-json\/wp\/v2\/users\/2"}],"replies":[{"embeddable":true,"href":"https:\/\/m24press.com\/fr\/wp-json\/wp\/v2\/comments?post=9933"}],"version-history":[{"count":0,"href":"https:\/\/m24press.com\/fr\/wp-json\/wp\/v2\/posts\/9933\/revisions"}],"wp:featuredmedia":[{"embeddable":true,"href":"https:\/\/m24press.com\/fr\/wp-json\/wp\/v2\/media\/9931"}],"wp:attachment":[{"href":"https:\/\/m24press.com\/fr\/wp-json\/wp\/v2\/media?parent=9933"}],"wp:term":[{"taxonomy":"category","embeddable":true,"href":"https:\/\/m24press.com\/fr\/wp-json\/wp\/v2\/categories?post=9933"},{"taxonomy":"post_tag","embeddable":true,"href":"https:\/\/m24press.com\/fr\/wp-json\/wp\/v2\/tags?post=9933"}],"curies":[{"name":"wp","href":"https:\/\/api.w.org\/{rel}","templated":true}]}}